{
    "version": "https://jsonfeed.org/version/1",
    "title": "eay.cc",
    "description": "Weblog von Stefan Grund",
    "home_page_url": "https://eay.cc",
    "feed_url": "https://eay.cc/2026/tim-cook-to-become-apple-executive-chairman-john-ternus-to-become-apple-ceo/feed/json",
    "icon": "https://eay.cc/apple-touch-icon.png",
    "favicon": "https://eay.cc/favicon.ico",
    "author": {
        "name": "Stefan Grund",
        "url": "https://stefangrund.de/",
        "avatar": "https://stefangrund.de/avatar.jpg"
    },
    "items": [
        {
            "id": "41870",
            "_type": "link",
            "url": "https://eay.cc/2026/tim-cook-to-become-apple-executive-chairman-john-ternus-to-become-apple-ceo/",
            "title": "Tim Cook to become Apple Executive Chairman, John Ternus to become Apple CEO",
            "content_html": "<p><a href=\"https://www.apple.com/newsroom/2026/04/tim-cook-to-become-apple-executive-chairman-john-ternus-to-become-apple-ceo/\" title=\"Tim Cook to become Apple Executive Chairman, John Ternus to become Apple CEO\">Link \u2192</a></p>\n<p>Apple-Fanboy-Chronistenpflicht: Heute wurde ange&shy;k\u00fcndigt, was bereits seit Monaten gemunkelt wird: Tim <del>Apple</del> Cook tritt als CEO zur\u00fcck und wird Executive Chairman, w\u00e4hrend der bisherige Hardware-Chef John Ternus neuer Apple-CEO wird. Neben der obigen Presse&shy;mit&shy;teilung, hat sich Cook mit <a href=\"https://www.apple.com/community-letter-from-tim/\">einem Brief an die Apple-Community</a> gewandt. Der ist deutlich besser als <a href=\"https://eay.cc/2026/50-years-of-thinking-different/\">der letzte</a>:</p>\n<blockquote><p>A new person will be stepping into what I know in my heart is the best job in the world. That leader is John Ternus, a brilliant engineer and thinker who has spent the past 25 years building the Apple products our users love so much, obsessed with every detail, focused on every possible way we can make something better, bolder, more beautiful, and more meaningful. He is the perfect person for the job.</p></blockquote>\n<blockquote><p>This is not goodbye. But at this moment of transition, I wanted to take the opportunity to say thank you. Not on behalf of the company, this time, though there is a wellspring of gratitude for you that overflows inside our walls. But simply on behalf of me. Tim. A person who grew up in a rural place in a different time and, for these magical moments, got to be the CEO of the greatest company in the world.</p></blockquote>\n<p>Der in den Keynotes sich immer aus dem Keller meldende <a href=\"https://www.apple.com/newsroom/2026/04/johny-srouji-named-apples-chief-hardware-officer/\">Johny Srouji wird derweil neuer Hardware-Chef</a>.</p>\n<p>W\u00e4hrend Cooks CEO-\u00c4ra unbestreitbar eine wirt&shy;schaft&shy;liche Erfolgs&shy;geschichte war, die ihres&shy;gleichen sucht, hat Ternus, als Product Guy wie es ein Jobs war, das Zeug wieder dem mehr Gewicht einzur\u00e4umen, was uns einst am Hause Cupertino \u00fcberzeugt hat: heraus&shy;ragende Produkte.</p>\n<img decoding=\"async\" src=\"https://eay.cc/wordpress/count.php?url=https%3A%2F%2Feay.cc%2F2026%2Ftim-cook-to-become-apple-executive-chairman-john-ternus-to-become-apple-ceo%2F\" style=\"border:0;\" width=\"1\" height=\"1\" alt=\"\" />",
            "date_published": "2026-04-21T21:33:38+00:00",
            "date_modified": "2026-04-22T06:27:38+00:00",
            "author": {
                "name": "Stefan"
            },
            "tags": [
                "apple",
                "john ternus",
                "tim cook"
            ],
            "_short_url": "https://eay.li/41c",
            "_syndication": [
                "https://bsky.app/profile/eay.social/post/3mjzwyfxoaq23",
                "https://eay.social/@eay/116444838018791969"
            ],
            "external_url": "https://www.apple.com/newsroom/2026/04/tim-cook-to-become-apple-executive-chairman-john-ternus-to-become-apple-ceo/"
        }
    ]
}