{
    "version": "https://jsonfeed.org/version/1",
    "title": "eay.cc",
    "description": "Weblog von Stefan Grund",
    "home_page_url": "https://eay.cc",
    "feed_url": "https://eay.cc/2026/keine-angst/feed/json/",
    "icon": "https://eay.cc/apple-touch-icon.png",
    "favicon": "https://eay.cc/favicon.ico",
    "author": {
        "name": "Stefan Grund",
        "url": "https://stefangrund.de/",
        "avatar": "https://stefangrund.de/avatar.jpg"
    },
    "items": [
        {
            "id": "42606",
            "_type": "standard",
            "url": "https://eay.cc/2026/keine-angst/",
            "title": "Keine Angst",
            "content_html": "<p>Vor \u00fcber f\u00fcnf Jahren habe ich <a href=\"<a href=\"https://eay.cc/2021/das-ist-alles-von-der-kunstfreiheit-gedeckt/\">auf Danger Dans \u00bbDas ist alles von der Kunstfreiheit gedeckt\u00ab verwiesen</a> und das bald erscheinende, gleichnamige Album. Was ich damals nicht wusste, war, dass <a href=\"https://de.wikipedia.org/wiki/Danger_Dan\">Danger Dan</a>s Klavier&shy;album meine Top 3 aller Alben von 2021 ma\u00dfgeblich mitbestimmen w\u00fcrde. Ein fantastisches Werk, von vorne bis hinten.</p>\n<p>In wenigen Wochen, am 1. Oktober, erscheint mit \u00bbKeine Angst\u00ab, das n\u00e4chste Soloalbum von Danger Dan. Ich bin mir sicher, dass mir dieses Album \u00e4hnlich gut gefallen wird, allen voran nach der zuletzt ver&shy;\u00f6ffent&shy;lichten Aus&shy;kopplung \u00bbKeine Angst\u00ab, die <a href=\"https://de.wikipedia.org/wiki/Keine_Angst_(Lied)\">einen Medien&shy;skandal ausl\u00f6ste</a>, als Danger Dan und Igor Levit von der ZDF-Intendanz aus \u00bbDie Anstalt\u00ab ausgeladen wurden, die wiederum zwischen&shy;zeitlich <a href=\"https://zdf.de/play/shows/die-anstalt-104/die-anstalt-vom-21-juli-2026-100\">ad\u00e4quat reagiert hat</a>.</p>\n<p>Jedenfalls \u2013 late to the game, jaja \u2013 m\u00f6chte ich euch darauf hinweisen, dass es abermals ein hervor&shy;ragendes St\u00fcck Musik ist. Eine Anleitung zum Bevor-es-zu-sp\u00e4t-ist-Widerstand, die ich euch nur empfehlen kann, solltet ihr zur der d\u00fcnnen Schnittmenge der hiesigen Leser*&shy;innen geh\u00f6ren, die das Lied nicht schon auf anderem Wege geh\u00f6rt haben.</p>\n<p><iframe width=\"520\" height=\"293\" src=\"https://www.youtube-nocookie.com/embed/Gg-SCpXba64\" frameborder=\"0\" allowfullscreen></iframe><br/>(<a href=\"https://www.youtube.com/watch?v=Gg-SCpXba64\">YouTube Direktlink</a>)<span hidden class=\"__iawmlf-post-loop-links\" data-iawmlf-links=\"[{&quot;id&quot;:1432,&quot;href&quot;:&quot;https:\\/\\/de.wikipedia.org\\/wiki\\/Danger_Dan&quot;,&quot;archived_href&quot;:&quot;http:\\/\\/web-wp.archive.org\\/web\\/20251005060645\\/https:\\/\\/de.wikipedia.org\\/wiki\\/Danger_Dan&quot;,&quot;redirect_href&quot;:&quot;&quot;,&quot;checks&quot;:[{&quot;date&quot;:&quot;2025-11-03 05:25:35&quot;,&quot;http_code&quot;:200},{&quot;date&quot;:&quot;2025-11-24 06:33:37&quot;,&quot;http_code&quot;:200},{&quot;date&quot;:&quot;2025-12-13 18:02:47&quot;,&quot;http_code&quot;:200},{&quot;date&quot;:&quot;2026-02-01 00:12:29&quot;,&quot;http_code&quot;:200},{&quot;date&quot;:&quot;2026-02-05 09:14:12&quot;,&quot;http_code&quot;:200},{&quot;date&quot;:&quot;2026-02-08 23:37:14&quot;,&quot;http_code&quot;:200},{&quot;date&quot;:&quot;2026-03-06 22:13:40&quot;,&quot;http_code&quot;:429},{&quot;date&quot;:&quot;2026-03-19 06:05:13&quot;,&quot;http_code&quot;:200},{&quot;date&quot;:&quot;2026-03-25 10:47:52&quot;,&quot;http_code&quot;:429},{&quot;date&quot;:&quot;2026-03-28 22:55:31&quot;,&quot;http_code&quot;:200},{&quot;date&quot;:&quot;2026-04-02 01:24:45&quot;,&quot;http_code&quot;:429},{&quot;date&quot;:&quot;2026-04-05 08:33:47&quot;,&quot;http_code&quot;:200},{&quot;date&quot;:&quot;2026-04-17 11:16:37&quot;,&quot;http_code&quot;:200},{&quot;date&quot;:&quot;2026-04-22 19:48:48&quot;,&quot;http_code&quot;:429},{&quot;date&quot;:&quot;2026-04-29 08:55:49&quot;,&quot;http_code&quot;:429},{&quot;date&quot;:&quot;2026-05-12 14:36:52&quot;,&quot;http_code&quot;:200},{&quot;date&quot;:&quot;2026-05-21 20:33:00&quot;,&quot;http_code&quot;:429},{&quot;date&quot;:&quot;2026-05-27 21:20:06&quot;,&quot;http_code&quot;:200},{&quot;date&quot;:&quot;2026-06-01 15:55:03&quot;,&quot;http_code&quot;:200},{&quot;date&quot;:&quot;2026-06-14 00:57:20&quot;,&quot;http_code&quot;:200},{&quot;date&quot;:&quot;2026-07-02 05:16:30&quot;,&quot;http_code&quot;:200},{&quot;date&quot;:&quot;2026-07-28 17:49:36&quot;,&quot;http_code&quot;:200},{&quot;date&quot;:&quot;2026-08-11 07:20:50&quot;,&quot;http_code&quot;:200},{&quot;date&quot;:&quot;2026-08-14 08:00:54&quot;,&quot;http_code&quot;:200},{&quot;date&quot;:&quot;2026-08-17 14:34:24&quot;,&quot;http_code&quot;:200},{&quot;date&quot;:&quot;2026-08-20 19:46:39&quot;,&quot;http_code&quot;:200},{&quot;date&quot;:&quot;2026-08-25 21:10:44&quot;,&quot;http_code&quot;:200},{&quot;date&quot;:&quot;2026-08-29 10:44:34&quot;,&quot;http_code&quot;:200}],&quot;broken&quot;:false,&quot;last_checked&quot;:{&quot;date&quot;:&quot;2026-08-29 10:44:34&quot;,&quot;http_code&quot;:200},&quot;process&quot;:&quot;done&quot;},{&quot;id&quot;:11639,&quot;href&quot;:&quot;https:\\/\\/de.wikipedia.org\\/wiki\\/Keine_Angst_(Lied)&quot;,&quot;archived_href&quot;:&quot;http:\\/\\/web-wp.archive.org\\/web\\/20260718011807\\/https:\\/\\/de.wikipedia.org\\/wiki\\/Keine_Angst_(Lied)&quot;,&quot;redirect_href&quot;:&quot;&quot;,&quot;checks&quot;:[{&quot;date&quot;:&quot;2026-08-13 00:26:40&quot;,&quot;http_code&quot;:200},{&quot;date&quot;:&quot;2026-08-16 00:40:43&quot;,&quot;http_code&quot;:200},{&quot;date&quot;:&quot;2026-08-19 15:32:47&quot;,&quot;http_code&quot;:200},{&quot;date&quot;:&quot;2026-08-22 19:45:37&quot;,&quot;http_code&quot;:503},{&quot;date&quot;:&quot;2026-08-25 21:10:44&quot;,&quot;http_code&quot;:200},{&quot;date&quot;:&quot;2026-08-29 10:44:34&quot;,&quot;http_code&quot;:200}],&quot;broken&quot;:false,&quot;last_checked&quot;:{&quot;date&quot;:&quot;2026-08-29 10:44:34&quot;,&quot;http_code&quot;:200},&quot;process&quot;:&quot;done&quot;},{&quot;id&quot;:11640,&quot;href&quot;:&quot;https:\\/\\/zdf.de\\/play\\/shows\\/die-anstalt-104\\/die-anstalt-vom-21-juli-2026-100&quot;,&quot;archived_href&quot;:&quot;http:\\/\\/web-wp.archive.org\\/web\\/20260727081836\\/https:\\/\\/www.zdf.de\\/play\\/shows\\/die-anstalt-104\\/die-anstalt-vom-21-juli-2026-100&quot;,&quot;redirect_href&quot;:&quot;&quot;,&quot;checks&quot;:[{&quot;date&quot;:&quot;2026-08-13 00:26:45&quot;,&quot;http_code&quot;:200},{&quot;date&quot;:&quot;2026-08-16 00:40:45&quot;,&quot;http_code&quot;:200},{&quot;date&quot;:&quot;2026-08-19 15:32:49&quot;,&quot;http_code&quot;:200},{&quot;date&quot;:&quot;2026-08-22 19:45:35&quot;,&quot;http_code&quot;:200},{&quot;date&quot;:&quot;2026-08-25 21:10:46&quot;,&quot;http_code&quot;:200},{&quot;date&quot;:&quot;2026-08-29 10:44:36&quot;,&quot;http_code&quot;:200}],&quot;broken&quot;:false,&quot;last_checked&quot;:{&quot;date&quot;:&quot;2026-08-29 10:44:36&quot;,&quot;http_code&quot;:200},&quot;process&quot;:&quot;done&quot;}]\"></span></p>\n<img src=\"https://eay.cc/_a/matomo.php?idsite=1&#038;rec=1&#038;action_name=RSS&#038;url=https://eay.cc/2026/keine-angst/&#038;rand=558889628\" data-eay-feed-tracking=\"1\" style=\"border:0;\" width=\"1\" height=\"1\" alt=\"\" />",
            "date_published": "2026-08-12T21:59:55+00:00",
            "date_modified": "2026-08-17T21:07:07+00:00",
            "author": {
                "name": "Stefan"
            },
            "tags": [
                "danger dan",
                "deutschland",
                "musik",
                "nazis",
                "video",
                "zdf"
            ],
            "_short_url": "https://eay.li/452",
            "_syndication": [
                "https://bsky.app/profile/eay.social/post/3mswfaph34o24",
                "https://bubbles.town/entry/44766098",
                "https://eay.social/@eay/117085359111749351"
            ]
        }
    ]
}