{
    "version": "https://jsonfeed.org/version/1",
    "title": "eay.cc",
    "description": "Weblog von Stefan Grund",
    "home_page_url": "https://eay.cc",
    "feed_url": "https://eay.cc/2026/digital-independence-day/feed/json",
    "icon": "https://eay.cc/apple-touch-icon.png",
    "favicon": "https://eay.cc/favicon.ico",
    "author": {
        "name": "Stefan Grund",
        "url": "https://stefangrund.de/",
        "avatar": "https://stefangrund.de/avatar.jpg"
    },
    "items": [
        {
            "id": "40845",
            "_type": "link",
            "url": "https://eay.cc/2026/digital-independence-day/",
            "title": "Digital Independence Day",
            "content_html": "<p><a href=\"https://di.day/\" title=\"Digital Independence Day\">Link \u2192</a></p>\n<p>Heute findet der auf dem <a href=\"https://events.ccc.de/congress/2025/infos/startpage.html\">39C3</a> angek\u00fcndigte, erste Digital Independence Day statt, der Aktionstag f\u00fcr digitale Souver\u00e4nit\u00e4t und Abkehr von den gro\u00dfen Techkonzernen. Der heutige Tag soll den Auftakt f\u00fcr eine Reihe an dazuge&shy;h\u00f6rigen Projekten und Veranstaltungen bilden, die fortan immer am ersten Sonntag im Monat stattfinden sollen.</p>\n<p><a href=\"https://gigold.me/links/1936\">Wie Thomas</a> finde ich die kurze Vorlaufzeit (Ank\u00fcndigung auf dem Congress im <a href=\"https://media.ccc.de/v/39c3-die-kanguru-rebellion-digital-independence-day\">sehenswerten Vortrag von Marc-Uwe Kling</a> am 27.12.) und den Namen nicht ideal, das Ansinnen jedoch schon. Denn es ist, <a href=\"https://mkln.org/p/apple-prepaid-karte-sperrt-apple-account\">wie Michael es zuletzt festhielt</a> nach dem <a href=\"https://eay.cc/2025/20-years-of-digital-life-gone-in-an-instant-thanks-to-apple/\">hier berichteten Fall der Apple-ID-Sperrung</a>:</p>\n<blockquote><p>Sich zu sehr auf einige wenige, externe Services zu verlassen, kann ein gewaltiges Problem werden. Es funktioniert alles wunderbar, bis nichts mehr funktioniert. [\u2026]</p>\n<p>Bedeutet das aber, dass wir nun alles selbst hosten und uns um alles <a href=\"https://mkln.org/p/eigene-mail-infrastruktur-eine-illusion\">selbst k\u00fcmmern</a> sollen? Mitnichten! AAber wir sollten unsere Daten so gut als m\u00f6g&shy;lich redundant speichern und mehrere, bestenfalls voneinander unab&shy;h\u00e4ngige Dienste nutzen<a href=\"https://mkln.org/p/apple-prepaid-karte-sperrt-apple-account#eadc4a1b-c33e-41e5-86f0-ed4bb8dfbfb7\"><sup>1<sup></a>. So k\u00f6nnen wir die Vorteile moderner Cloud&shy;services nutzen, m\u00fcssen nicht immer an <a href=\"https://mkln.org/p/sind-vollstaendige-backups-ueberhaupt-noch-noetig\">vollst\u00e4ndige Backups</a> denken, sind aber nicht total aufgeschmissen, wenn einer der Anbieter aus welchem Grund auch immer unseren Account sperrt.</p></blockquote>\n<p>Und genau so ist es.</p>\n<p>Ich habe selbst noch einige Eisen im Feuer der gro\u00dfen US-amerikanischen Konzerne, was mich zunehmend beunruhigt. Insbesondere meine Verzahnung mit dem Apple-Universum ist etwas, auf das ich aktuell wegen all seiner Vorteile nicht verzichten m\u00f6chte. Aber: Ich habe redundante Backups, online wie offline, die ein pl\u00f6tzliches Verschwinden eben dieser zwar schlimm, aber nicht katastrophal machen w\u00fcrden.</p>\n<p>Dennoch: Da geht noch mehr. Und von mir aus ab sofort gerne am ersten Sonntag im Monat. \u270a</p>\n<img decoding=\"async\" src=\"https://eay.cc/wordpress/count.php?url=https%3A%2F%2Feay.cc%2F2026%2Fdigital-independence-day%2F\" style=\"border:0;\" width=\"1\" height=\"1\" alt=\"\" />",
            "date_published": "2026-01-04T13:45:38+00:00",
            "date_modified": "2026-01-04T13:49:55+00:00",
            "author": {
                "name": "Stefan"
            },
            "tags": [
                "digitale souver\u00e4nit\u00e4t",
                "marc-uwe kling",
                "netzkultur"
            ],
            "_short_url": "https://eay.li/3y3",
            "_syndication": [
                "https://bsky.app/profile/eay.social/post/3mbm62hve6g2y",
                "https://eay.social/@eay/115837366432588256"
            ],
            "external_url": "https://di.day/"
        }
    ]
}