{
    "version": "https://jsonfeed.org/version/1",
    "title": "eay.cc",
    "description": "Weblog von Stefan Grund",
    "home_page_url": "https://eay.cc",
    "feed_url": "https://eay.cc/2026/23-jahre/feed/json",
    "icon": "https://eay.cc/apple-touch-icon.png",
    "favicon": "https://eay.cc/favicon.ico",
    "author": {
        "name": "Stefan Grund",
        "url": "https://stefangrund.de/",
        "avatar": "https://stefangrund.de/avatar.jpg"
    },
    "items": [
        {
            "id": "40922",
            "_type": "standard",
            "url": "https://eay.cc/2026/23-jahre/",
            "title": "23 Jahre",
            "content_html": "\n<p>Die Zeit rennt: Heute ist es 23 Jahre her, dass ich dieses Blog gestartet habe (siehe auch <a href=\"https://eay.cc/2025/22-jahre/\">22</a>, <a href=\"https://eay.cc/2024/21-jahre/\">21</a>, <a href=\"https://eay.cc/2019/16-jahre/\">16</a>, <a href=\"https://eay.cc/2018/15-jahre/\">15</a>, <a href=\"https://eay.cc/2015/12-jahre/\">12</a> und <a href=\"https://eay.cc/2013/10-jahre-eayz/\">10 Jahre</a>).</p>\n<p>Und es bleibt verr\u00fcckt: Ich habe mittlerweile Mitarbeiter&shy;*innen, die in dem Alter oder j\u00fcnger sind. Ebenso unter&shy;richte ich Studierende, deren Durch&shy;schnitt&shy;salter sogar etwas unter 23 liegt. \ud83e\udd2f</p>\n<p>Es macht mir immer noch Spa\u00df und ich glaube immer noch, dass es wichtig ist. In diesem Sinne also wie immer: <em>Vielen Dank f\u00fcr&#8217;s Mitlesen und auf die n\u00e4chsten 23!</em> \ud83c\udf89</p>\n<img decoding=\"async\" src=\"https://eay.cc/wordpress/count.php?url=https%3A%2F%2Feay.cc%2F2026%2F23-jahre%2F\" style=\"border:0;\" width=\"1\" height=\"1\" alt=\"\" />",
            "date_published": "2026-01-13T19:55:40+00:00",
            "date_modified": "2026-01-13T20:00:07+00:00",
            "author": {
                "name": "Stefan"
            },
            "tags": [
                "blogging",
                "eayz",
                "in eigener sache"
            ],
            "_short_url": "https://eay.li/3yf",
            "_syndication": [
                "https://bsky.app/profile/eay.social/post/3mcdh3c26a32y",
                "https://eay.social/@eay/115889782266084541"
            ]
        }
    ]
}