{
    "version": "https://jsonfeed.org/version/1",
    "title": "eay.cc",
    "description": "Weblog von Stefan Grund",
    "home_page_url": "https://eay.cc",
    "feed_url": "https://eay.cc/2025/22-jahre/feed/json",
    "icon": "https://eay.cc/apple-touch-icon.png",
    "favicon": "https://eay.cc/favicon.ico",
    "author": {
        "name": "Stefan Grund",
        "url": "https://stefangrund.de/",
        "avatar": "https://stefangrund.de/avatar.jpg"
    },
    "items": [
        {
            "id": "40151",
            "_type": "standard",
            "url": "https://eay.cc/2025/22-jahre/",
            "title": "22 Jahre",
            "content_html": "\n<p>Heute vor 22 Jahren habe ich dieses Blog gestartet (siehe auch <a href=\"https://eay.cc/2024/21-jahre/\">21</a>, <a href=\"https://eay.cc/2019/16-jahre/\">16</a>, <a href=\"https://eay.cc/2018/15-jahre/\">15</a>, <a href=\"https://eay.cc/2015/12-jahre/\">12</a> und <a href=\"https://eay.cc/2013/10-jahre-eayz/\">10 Jahre</a>). Die Vorg\u00e4nger lassen sich sogar noch auf die drei Jahre zuvor zur\u00fcckverfolgen. Wenn ich in wenigen Wochen 40 (!) werde, schreibe ich also seit 25 Jahren (!) ins Internet.</p>\n<p>Schon lange ist das Ganze auch <a href=\"https://hypercode.de/\">mein Beruf</a>: Weniger das Bloggen (aber <a href=\"https://hypercode.de/blog/\">das auch</a>), sondern das Ausdenken, Gestalten, Bauen und <a href=\"https://hypercode.de/blog/lehre-web-technologien-und-ux/\">dar\u00fcber reden</a> von Dingen im und mit dem Web. Fast allem, was ich tue, liegt geschriebene Sprache zugrunde und das hier ist der Ort, an dem ich das Handwerks&shy;zeug daf\u00fcr erlernt habe.</p>\n<p>Da ich mich von Zeit zu Zeit immer wieder gefragt habe, wie viel ich denn eigentlich hier ver\u00f6ffent&shy;licht habe, habe ich das vor kurzem mal analysiert. Das Archiv reicht bis Februar 2007 zur\u00fcck, die ersten vier Jahr habe ich damals, als ich noch gef\u00fchlt w\u00f6chentlich <a href=\"https://eay.cc/2015/blogsoftware/\">die Blogsoftware wechselte</a>, nicht mitgenommen. Die Datenbasis umfasst also nur die letzten 18 Jahre.</p>\n<p>Seitdem habe ich <strong>4.065 Blogposts</strong> (exklusive diesem hier) mit <strong>3.124.676 Zeichen</strong> (exklusive HTML) und <strong>363.501 Worte</strong> geschrieben.</p>\n<p>Der Korpus dieses Blogs entspricht also etwa 1,5-mal \u00bbUlysses\u00ab. Wenn wir eine durchschnittliche L\u00e4nge von 80.000 bis 100.000 Worte f\u00fcr einen Roman ansetzen, komme ich auf immerhin rund <strong>4 Romane</strong>. Ein Roman alle viereinhalb Jahre. Der Verlag und mein Konto w\u00e4ren nicht gl\u00fccklich, aber es w\u00fcrde (mit zus\u00e4tzlichem Bloggen?) schon irgendwie gehen.</p>\n<p>In diesem Sinne: <em>Vielen Dank f\u00fcr&#8217;s Lesen meiner letzten vier Romane und auf die n\u00e4chsten vier!</em> \ud83c\udf89</p>\n<img decoding=\"async\" src=\"https://eay.cc/wordpress/count.php?url=https%3A%2F%2Feay.cc%2F2025%2F22-jahre%2F\" style=\"border:0;\" width=\"1\" height=\"1\" alt=\"\" />",
            "date_published": "2025-01-13T20:29:38+00:00",
            "date_modified": "2026-01-13T21:47:59+00:00",
            "author": {
                "name": "Stefan"
            },
            "tags": [
                "blogging",
                "eayz",
                "in eigener sache"
            ],
            "_short_url": "https://eay.li/3u2",
            "_syndication": [
                "https://eay.social/@eay/113823172509096943"
            ]
        }
    ]
}