{
    "version": "https://jsonfeed.org/version/1",
    "title": "eay.cc",
    "description": "Weblog von Stefan Grund",
    "home_page_url": "https://eay.cc",
    "feed_url": "https://eay.cc/2024/we-need-to-talk-about-digital-ownership/feed/json",
    "icon": "https://eay.cc/apple-touch-icon.png",
    "favicon": "https://eay.cc/favicon.ico",
    "author": {
        "name": "Stefan Grund",
        "url": "https://stefangrund.de/",
        "avatar": "https://stefangrund.de/avatar.jpg"
    },
    "items": [
        {
            "id": "39473",
            "_type": "link",
            "url": "https://eay.cc/2024/we-need-to-talk-about-digital-ownership/",
            "title": "We need to talk about digital ownership",
            "content_html": "<p><a href=\"https://www.citationneeded.news/we-need-to-talk-about-digital-ownership/\" title=\"We need to talk about digital ownership\">Link \u2192</a></p>\n<blockquote><p>\u201eOwnership\u201c means ten different things to ten different people. Let\u2019s talk about what we actually want.</p></blockquote>\n<p>Lesenswert: <a href=\"https://www.mollywhite.net/\">Molly White</a> of <a href=\"https://www.web3isgoinggreat.com/\">Web3 Is Going Just Great</a>-Fame  in ihrem sehr verfolgenswerten Newsletter <a href=\"https://www.citationneeded.news/\">Citation Needed</a>, der auch <a href=\"https://www.citationneeded.news/podcast/\">als Podcast</a> verf\u00fcgbar ist, \u00fcber Besitzverh\u00e4ltnisse in digitalen Kontexten, betrachtet aus Konsumenten- und Creator-Sicht.</p>\n<img decoding=\"async\" src=\"https://eay.cc/wordpress/count.php?url=https%3A%2F%2Feay.cc%2F2024%2Fwe-need-to-talk-about-digital-ownership%2F\" style=\"border:0;\" width=\"1\" height=\"1\" alt=\"\" />",
            "date_published": "2024-02-12T06:30:42+00:00",
            "date_modified": "2024-02-12T07:02:57+00:00",
            "author": {
                "name": "Stefan"
            },
            "tags": [
                "netzkultur",
                "technologie",
                "urheberrecht",
                "web3"
            ],
            "_short_url": "https://eay.li/3pw",
            "_syndication": [
                "https://eay.social/@eay/111917337595239368"
            ],
            "external_url": "https://www.citationneeded.news/we-need-to-talk-about-digital-ownership/"
        }
    ]
}