{
    "version": "https://jsonfeed.org/version/1",
    "title": "eay.cc",
    "description": "Weblog von Stefan Grund",
    "home_page_url": "https://eay.cc",
    "feed_url": "https://eay.cc/2024/punkt/feed/json",
    "icon": "https://eay.cc/apple-touch-icon.png",
    "favicon": "https://eay.cc/favicon.ico",
    "author": {
        "name": "Stefan Grund",
        "url": "https://stefangrund.de/",
        "avatar": "https://stefangrund.de/avatar.jpg"
    },
    "items": [
        {
            "id": "39730",
            "_type": "standard",
            "url": "https://eay.cc/2024/punkt/",
            "title": "Punkt",
            "content_html": "\n<p><a href=\"https://eay.cc/2024/weil-leben-herausfordernd-fuer-uns-alle-ist/\">Zu diesem Blogpost</a> habe ich von <a href=\"https://anmutunddemut.de\">ben_</a> einen Punkt \u2013 also literally einen &#8222;.&#8220; \u2013 als Kommentar erhalten. Ein mir bis dato unbekanntes, aber sehr sympathisches Konzept, das <a href=\"https://isabelbogdan.de/\">Isabel Bogdan</a> bereits <a href=\"https://xrays.antville.org/stories/1640854/\">2007 geteilt hat</a>:</p>\n<blockquote><p>Der Punkt als Kommentar unter einem Eintrag bedeutet: ich habe den Eintrag gelesen. Er hat mich ber\u00fchrt, ich f\u00fchle mit, (ich finde den Eintrag gut), habe aber nichts Gehaltvolles hinzuzuf\u00fcgen. Ich m\u00f6chte aber doch irgendwie kundtun, dass ich Anteil nehme, auf welche Weise auch immer. Kann unter anderem also hei\u00dfen: f\u00fchl Dich mal gedr\u00fcckt. Oder sowas in der Art.</p>\n<p>Der Punkt ist sparsam und nur in besonderen F\u00e4llen zu verwenden.</p></blockquote>\n<p>Ich werde das in Zukunft aufgreifen. \ud83d\ude0a</p>\n<img decoding=\"async\" src=\"https://eay.cc/wordpress/count.php?url=https%3A%2F%2Feay.cc%2F2024%2Fpunkt%2F\" style=\"border:0;\" width=\"1\" height=\"1\" alt=\"\" />",
            "date_published": "2024-08-06T21:59:58+00:00",
            "date_modified": "2026-04-11T06:55:11+00:00",
            "author": {
                "name": "Stefan"
            },
            "tags": [
                "best of",
                "blogging",
                "netzkultur"
            ],
            "_short_url": "https://eay.li/3rm",
            "_syndication": [
                "https://eay.social/@eay/112917471576511399"
            ]
        }
    ]
}