{
    "version": "https://jsonfeed.org/version/1",
    "title": "eay.cc",
    "description": "Weblog von Stefan Grund",
    "home_page_url": "https://eay.cc",
    "feed_url": "https://eay.cc/2024/mama/feed/json",
    "icon": "https://eay.cc/apple-touch-icon.png",
    "favicon": "https://eay.cc/favicon.ico",
    "author": {
        "name": "Stefan Grund",
        "url": "https://stefangrund.de/",
        "avatar": "https://stefangrund.de/avatar.jpg"
    },
    "items": [
        {
            "id": "39016",
            "_type": "standard",
            "url": "https://eay.cc/2024/mama/",
            "title": "Mama",
            "content_html": "\n<p><img decoding=\"async\" src=\"https://eay.cc/uploads/2024/muttje-und-ich.gif\" alt=\"Meine Mutter ich w\u00e4hrend ihrer Erkrankung im Mai 2022, beide in FC-Trikots.\" title=\"\" loading=\"lazy\" /></p>\n<p>Heute vor einem Jahr ist meine Mutter, Karin Linowski-Grund, nach pl\u00f6tzlicher Erkrankung und zw\u00f6lf Monate andauerndem Kampf im Alter von nur 66 Jahren verstorben. Meine Mutter war der lebenslustigste, lustigste und liebste Mensch, den man sich nur vorstellen kann. Betrat sie einen Raum voller Fremder, kann man sich sicher sein, dass sie mit neuen Freunden herausging.</p>\n<p>Im vergangenen Jahr haben mir einige, mir zuvor teils unbekannte Menschen dankenswerterweise berichtet, was meine Mutter ihnen bedeutet hat. Wie ihre jungen Kolleginnen zu ihr aufgeschaut haben, als sie ein von M\u00e4nnern dominiertes Feld aufgewirbelt und Karriere gemacht hat. F\u00fcr wen sie sich beruflich und privat eingesetzt hat, ohne je selbst etwas einzufordern.</p>\n<p>Zu sehen mit welcher Klarheit, mit welchem Kampfesgeist und mit wie viel Humor man selbst in Anbetracht einer aussichtslosen Situation weitermachen kann, war beeindruckend und inspirierend. Sie selbst hat gesagt, dass sie nur noch ihr &#8222;kleines M\u00e4dchen&#8220; sehen wolle, denn kurz nach ihrer Erkrankung konnten wir ihr er\u00f6ffnen, dass sie Oma wird. Daf\u00fcr dass Ariane und sie sich noch kennenlernen durften, bin ich unfassbar dankbar. Daf\u00fcr dass ihr einander nur so kurz hattet, so sauer.</p>\n<p><em>Ich vermisse dich, Muttje. Gr\u00fc\u00df Oma &#038; Opa und alle anderen von mir. Ich bin mir sicher, J\u00f6rg, Jupp, Sascha und du haben zusammen wieder eine hervorragende Zeit.</em></p>\n<p>\u2013</p>\n<p>Meine Mutter ist an einem <a href=\"https://de.wikipedia.org/wiki/Glioblastom\">Glioblastom</a> erkrankt, einem aggressiv wachsenden Hirntumor, der bis heute als unzureichend therapierbar gilt. 5-7 Personen je 100.000 Einwohner erkranken hieran. Die <a href=\"https://www.hirntumorhilfe.de/\">Deutsche Hirntumorhilfe</a> setzt sich daf\u00fcr ein, dass die Krankheit Hirntumor so schnell wie m\u00f6glich heilbar wird. <a href=\"https://spenden.hirntumorhilfe.de/\">Unterst\u00fctzen wir sie dabei</a>.</p>\n<img decoding=\"async\" src=\"https://eay.cc/wordpress/count.php?url=https%3A%2F%2Feay.cc%2F2024%2Fmama%2F\" style=\"border:0;\" width=\"1\" height=\"1\" alt=\"\" />",
            "date_published": "2024-01-07T12:18:08+00:00",
            "date_modified": "2025-12-09T21:24:22+00:00",
            "author": {
                "name": "Stefan"
            },
            "tags": [
                "analogleben",
                "familie",
                "fotos",
                "muttje",
                "nachruf"
            ],
            "_short_url": "https://eay.li/3pc",
            "_syndication": [
                "https://bsky.app/profile/eay.social/post/3kifhhjguf42w",
                "https://eay.social/@eay/111714983708951521"
            ]
        }
    ]
}