{
    "version": "https://jsonfeed.org/version/1",
    "title": "eay.cc",
    "description": "Weblog von Stefan Grund",
    "home_page_url": "https://eay.cc",
    "feed_url": "https://eay.cc/2024/15-jahre-pewpewpew/feed/json",
    "icon": "https://eay.cc/apple-touch-icon.png",
    "favicon": "https://eay.cc/favicon.ico",
    "author": {
        "name": "Stefan Grund",
        "url": "https://stefangrund.de/",
        "avatar": "https://stefangrund.de/avatar.jpg"
    },
    "items": [
        {
            "id": "39680",
            "_type": "link",
            "url": "https://eay.cc/2024/15-jahre-pewpewpew/",
            "title": "15 Jahre PewPewPew",
            "content_html": "<p><a href=\"https://www.pewpewpew.de/2024/07/02/15-jahre-pewpewpew/\" title=\"15 Jahre PewPewPew\">Link \u2192</a></p>\n<p>Sehr sch\u00f6ner Beitrag von Sascha zum 15. Blog-Jubil\u00e4um, samt netter Honorable Mention von Ren\u00e9. Auch wenn es etwas ruhiger geworden ist, ist und bleibt <a href=\"https://www.pewpewpew.de/\">PewPewPew</a> eines meiner Lieblingsblogs. Auf die n\u00e4chsten 15, ich gratuliere!</p>\n<img decoding=\"async\" src=\"https://eay.cc/wordpress/count.php?url=https%3A%2F%2Feay.cc%2F2024%2F15-jahre-pewpewpew%2F\" style=\"border:0;\" width=\"1\" height=\"1\" alt=\"\" />",
            "date_published": "2024-07-08T19:56:11+00:00",
            "date_modified": "2024-07-08T19:57:53+00:00",
            "author": {
                "name": "Stefan"
            },
            "tags": [
                "bloggeburtstag",
                "blogging",
                "netzkultur"
            ],
            "_short_url": "https://eay.li/3rd",
            "_syndication": [
                "https://eay.social/@eay/112752628432324545"
            ],
            "external_url": "https://www.pewpewpew.de/2024/07/02/15-jahre-pewpewpew/"
        }
    ]
}