{
    "version": "https://jsonfeed.org/version/1",
    "title": "eay.cc",
    "description": "Weblog von Stefan Grund",
    "home_page_url": "https://eay.cc",
    "feed_url": "https://eay.cc/2023/wework-stellt-insolvenzantrag/feed/json",
    "icon": "https://eay.cc/apple-touch-icon.png",
    "favicon": "https://eay.cc/favicon.ico",
    "author": {
        "name": "Stefan Grund",
        "url": "https://stefangrund.de/",
        "avatar": "https://stefangrund.de/avatar.jpg"
    },
    "items": [
        {
            "id": "38920",
            "_type": "link",
            "url": "https://eay.cc/2023/wework-stellt-insolvenzantrag/",
            "title": "WeWork stellt Insolvenzantrag",
            "content_html": "<p><a href=\"https://www.spiegel.de/wirtschaft/unternehmen/wework-bueroraum-anbieter-stellt-insolvenzantrag-ex-start-up-in-der-krise-a-5c136df5-6b16-41ca-b6d2-73eaeded2c97\" title=\"WeWork stellt Insolvenzantrag\">Link \u2192</a></p>\n<blockquote><p>WeWork galt einst als wertvollstes Start-up der USA. Nun hat der B\u00fcrovermieter Insolvenz&shy;antrag gestellt. Statt 47 Milliarden ist das Unternehmen nun nur noch 44 Millionen Dollar wert.</p></blockquote>\n<p>Verr\u00fcckt. Ich hab&#8217;s im Rahmen der Apple-TV-Serie \u00bbWeCrashed\u00ab <a href=\"https://eay.cc/2022/wecrashed/\">schon mal erz\u00e4hlt</a>:</p>\n<blockquote><p>Der H\u00f6hepunkt der Serie, der vermeintliche IPO von WeWork, hat sich 2019 zu genau der Zeit abgespielt, als <a href=\"https://hypercode.de/\">wir</a> gerade unser erstes B\u00fcro im nagelneuen <a href=\"https://www.wework.com/de-DE/buildings/friesenplatz-4--cologne\">K\u00f6lner WeWork am Friesenplatz</a> erstbezogen haben. Beim Freibier in der Common Area haben wir zu der Zeit mehrfach mit unseren Nachbarn und dem WeWork-Personal spekuliert, wie lange das wohl noch gut gehen wird. Kurz danach hat WeWork einen zweiten Standort in K\u00f6ln in unmittelbarer N\u00e4he (Rudolfplatz) angek\u00fcndigt \u2013 obwohl der erste nicht voll ausgelastet war.</p></blockquote>\n<p>Ich mochte das Konzept, die Lage und die Leute dort, was mit Corona dann leider ein z\u00e4hes, fr\u00fches Ende nahm: Im Oktober 2019 sind wir eingezogen, im M\u00e4rz 2020 war quasi Schluss.<a href=\"https://eay.cc/2023/wework-stellt-insolvenzantrag/#footnote_0_38920\" id=\"identifier_0_38920\" class=\"footnote-link footnote-identifier-link\" title=\"2022 sind wir dann woanders hingezogen &ndash; mit mehr Platz und zu besseren Konditionen.\">1</a> Von Anfang an kr\u00e4nkelte WeWork (auch in K\u00f6ln) und Corona hat ihnen dann den Todessto\u00df versetzt, was wegen zu ambitionierter Expansionspl\u00e4ne und unrealistischer Refinanzierung aber eh unausweichlich war.</p>\n<img decoding=\"async\" src=\"https://eay.cc/wordpress/count.php?url=https%3A%2F%2Feay.cc%2F2023%2Fwework-stellt-insolvenzantrag%2F\" style=\"border:0;\" width=\"1\" height=\"1\" alt=\"\" /><ol class=\"footnotes\"><li id=\"footnote_0_38920\" class=\"footnote\">2022 sind wir dann <a href=\"https://hypercode.de/blog/hyperspace-two/\">woanders hingezogen</a> \u2013 mit mehr Platz und zu besseren Konditionen.</li></ol>",
            "date_published": "2023-11-07T13:11:17+00:00",
            "date_modified": "2023-11-07T13:12:49+00:00",
            "author": {
                "name": "Stefan"
            },
            "tags": [
                "wework"
            ],
            "_short_url": "https://eay.li/3oq",
            "_syndication": [
                "https://eay.social/@eay/111369432497010135"
            ],
            "external_url": "https://www.spiegel.de/wirtschaft/unternehmen/wework-bueroraum-anbieter-stellt-insolvenzantrag-ex-start-up-in-der-krise-a-5c136df5-6b16-41ca-b6d2-73eaeded2c97"
        }
    ]
}