{
    "version": "https://jsonfeed.org/version/1",
    "title": "eay.cc",
    "description": "Weblog von Stefan Grund",
    "home_page_url": "https://eay.cc",
    "feed_url": "https://eay.cc/2023/podcast-die-welt-von-tmnt/feed/json",
    "icon": "https://eay.cc/apple-touch-icon.png",
    "favicon": "https://eay.cc/favicon.ico",
    "author": {
        "name": "Stefan Grund",
        "url": "https://stefangrund.de/",
        "avatar": "https://stefangrund.de/avatar.jpg"
    },
    "items": [
        {
            "id": "38978",
            "_type": "link",
            "url": "https://eay.cc/2023/podcast-die-welt-von-tmnt/",
            "title": "Podcast: Die Welt von TMNT",
            "content_html": "<p><a href=\"https://www.stayforever.de/2023/11/die-welt-von-tmnt/\" title=\"Podcast: Die Welt von TMNT\">Link \u2192</a></p>\n<p>Mir wurde zuletzt die obige Episode von <a href=\"https://www.stayforever.de/\">Stay Forever</a> empfohlen (<em>danke, Dominik!</em>), in der Mattes Penkert-Henning von <a href=\"https://deinantiheld.de/author/mattes/\">DeinAntiHeld</a>, selbst <a href=\"https://pow-comicpodcast.de/\">Podcaster bei POW! </a>, in rund einer Stunde einen \u00dcberblick \u00fcber die Teenage Mutant Ninja Turtles gibt und wie sich diese \u00fcber verschiedene Medien hinweg in den letzten Jahren entwickelt haben.</p>\n<p>Dabei hat er viele gute Worte f\u00fcr <a href=\"https://tmnt.fandom.com/de/wiki/Teenage_Mutant_Ninja_Turtles_(IDW_Comics)\">die IDW-Comics</a> \u00fcbrig und im Verlauf der Unterhaltung offenbart er, dass er diese gerade f\u00fcr den <a href=\"https://www.splitter-verlag.de/\">Splitter Verlag</a> \u00fcbersetzen darf, was mich direkt mal dazu veranlasst hat,  <a href=\"https://www.amazon.de/exec/obidos/ASIN/3987212004/eayznet-21\">den frisch erschienenen, ersten Band</a> gleich auf meinen Wunschzettel zu setzen. Dr\u00fcckt mir die Daumen, dass das klappt.*</p>\n<p>Und wenn ihr euch f\u00fcr die Turtles interessiert, kann ich euch diese Podcast-Episode ebenfalls nur nahe legen.</p>\n<p><strong>* Update, 25.12.:</strong> Es hat geklappt! Das hier lag f\u00fcr mich unter dem metaphorischen Weihnachtsbaum (denn wir haben in diesem Jahr keinen, weil unsere kleine Tochter den ansonsten eh nur zerlegen w\u00fcrde).</p>\n<p><img decoding=\"async\" src=\"https://eay.cc/uploads/2023/tmnt-band-1.jpg\" alt=\"\" title=\"\" loading=\"lazy\" /></p>\n<img decoding=\"async\" src=\"https://eay.cc/wordpress/count.php?url=https%3A%2F%2Feay.cc%2F2023%2Fpodcast-die-welt-von-tmnt%2F\" style=\"border:0;\" width=\"1\" height=\"1\" alt=\"\" />",
            "date_published": "2023-12-12T21:13:44+00:00",
            "date_modified": "2025-11-04T15:21:33+00:00",
            "author": {
                "name": "Stefan"
            },
            "tags": [
                "best of",
                "comics",
                "ninja turtles",
                "podcast"
            ],
            "_short_url": "https://eay.li/3p4",
            "_syndication": [
                "https://eay.social/@eay/111569510424295879"
            ],
            "external_url": "https://www.stayforever.de/2023/11/die-welt-von-tmnt/"
        }
    ]
}