{
    "version": "https://jsonfeed.org/version/1",
    "title": "eay.cc",
    "description": "Weblog von Stefan Grund",
    "home_page_url": "https://eay.cc",
    "feed_url": "https://eay.cc/2023/25-years-of-kottke-org/feed/json",
    "icon": "https://eay.cc/apple-touch-icon.png",
    "favicon": "https://eay.cc/favicon.ico",
    "author": {
        "name": "Stefan Grund",
        "url": "https://stefangrund.de/",
        "avatar": "https://stefangrund.de/avatar.jpg"
    },
    "items": [
        {
            "id": "38511",
            "_type": "link",
            "url": "https://eay.cc/2023/25-years-of-kottke-org/",
            "title": "25 Years of Kottke.org",
            "content_html": "<p><a href=\"https://kottke.org/23/03/kottke-is-25-years-old-today\" title=\"25 Years of Kottke.org\">Link \u2192</a></p>\n<p><a href=\"https://eay.cc/2022/waxy-org-turns-20/\">Ein</a> <a href=\"https://eay.cc/2022/daring-fireball-20/\">weiteres</a> meiner Lieblingsblogs feiert einen gro\u00dfen Meilenstein. Zusammen mit Andy Baio von <a href=\"https://waxy.org/\">Waxy</a> und John Gruber von <a href=\"https://daringfireball.net/\">Daring Fireball</a> ist Jason Kottke seit ca. 2002 das gro\u00dfe Vorbild f\u00fcr all das, was ich hier so treibe. Dement&shy;sprechend k\u00f6nnt ihr euch vorstellen, wie viel Spa\u00df ich mit der <a href=\"https://daringfireball.net/thetalkshow/2023/03/11/ep-370\">aktuellen Episode von The Talk Show</a> hatte, in der Jason bei John Gruber zu Gast ist und die beiden rund drei Stunden \u00fcber&#8217;s Bloggen reden.</p>\n<p>Auf die n\u00e4chsten 25!</p>\n<img decoding=\"async\" src=\"https://eay.cc/wordpress/count.php?url=https%3A%2F%2Feay.cc%2F2023%2F25-years-of-kottke-org%2F\" style=\"border:0;\" width=\"1\" height=\"1\" alt=\"\" />",
            "date_published": "2023-03-16T19:21:46+00:00",
            "date_modified": "2024-03-03T07:18:05+00:00",
            "author": {
                "name": "Stefan"
            },
            "tags": [
                "bloggeburtstag",
                "blogging",
                "jason kottke",
                "netzkultur"
            ],
            "_short_url": "https://eay.li/3ls",
            "_syndication": [
                "https://eay.social/@eay/110034986391220723"
            ],
            "external_url": "https://kottke.org/23/03/kottke-is-25-years-old-today"
        }
    ]
}