{
    "version": "https://jsonfeed.org/version/1",
    "title": "eay.cc",
    "description": "Weblog von Stefan Grund",
    "home_page_url": "https://eay.cc",
    "feed_url": "https://eay.cc/2022/status-2022-02-23-1505/feed/json",
    "icon": "https://eay.cc/apple-touch-icon.png",
    "favicon": "https://eay.cc/favicon.ico",
    "author": {
        "name": "Stefan Grund",
        "url": "https://stefangrund.de/",
        "avatar": "https://stefangrund.de/avatar.jpg"
    },
    "items": [
        {
            "id": "37847",
            "_type": "status",
            "url": "https://eay.cc/2022/status-2022-02-23-1505/",
            "content_html": "<p><img decoding=\"async\" src=\"https://eay.cc/uploads/2022/glasfaser-strasse.jpg\" alt=\"\" title=\"\" loading=\"lazy\" /></p>\n<p>In unserer Stra\u00dfe wurde gestern Glasfaser verlegt. Das ganze hat rund 8 Stunden gedauert, dann waren die Kabel unter der Erde. </p>\n<p>Allerdings haben sie wohl in der Nachbarstra\u00dfe die bestehende Internetleitung gekappt, wodurch unsere andere Stra\u00dfenseite seit gestern ohne Netz ist.</p>\n<p>Tut mir leid f\u00fcr die Nachbarn, aber gut, dass unsere Stra\u00dfenseite verschont blieb.<a href=\"https://eay.cc/2022/status-2022-02-23-1505/#footnote_0_37847\" id=\"identifier_0_37847\" class=\"footnote-link footnote-identifier-link\" title=\"Fun-fact: Kurz nachdem ich das gepostet habe: Stromausfall und kein Internet f&uuml;r alle. Karma is a bitch! \ud83d\ude48\">1</a> Sonst w\u00e4re das heute schwierig geworden mit dem arbeiten. \ud83d\ude05</p>\n<p>Demn\u00e4chst wird dann noch der Hausanschluss gemacht und dann gibt\u2019s endlich Fiber to the Home mit 1000 Mbit/s. \ud83c\udf89</p>\n<img decoding=\"async\" src=\"https://eay.cc/wordpress/count.php?url=https%3A%2F%2Feay.cc%2F2022%2Fstatus-2022-02-23-1505%2F\" style=\"border:0;\" width=\"1\" height=\"1\" alt=\"\" /><ol class=\"footnotes\"><li id=\"footnote_0_37847\" class=\"footnote\">Fun-fact: Kurz nachdem ich das gepostet habe: Stromausfall und kein Internet f\u00fcr alle. Karma is a bitch! \ud83d\ude48</li></ol>",
            "date_published": "2022-02-23T13:05:17+00:00",
            "date_modified": "2022-04-26T09:07:48+00:00",
            "author": {
                "name": "Stefan"
            },
            "tags": [
                "digitalisierung",
                "internet",
                "netzkultur"
            ],
            "_short_url": "https://eay.li/3h9",
            "_syndication": [
                "https://twitter.com/eay/status/1496486072058056705",
                "https://twitter.com/eay/status/1496486718358364167",
                "https://twitter.com/eay/status/1496506142347907074"
            ],
            "content_text": "In unserer Stra\u00dfe wurde gestern Glasfaser verlegt. Das ganze hat rund 8 Stunden gedauert, dann waren die Kabel unter der Erde. \r\n\r\nAllerdings haben sie wohl in der Nachbarstra\u00dfe die bestehende Internetleitung gekappt, wodurch unsere andere Stra\u00dfenseite seit gestern ohne Netz ist.\r\n\r\nTut mir leid f\u00fcr die Nachbarn, aber gut, dass unsere Stra\u00dfenseite verschont blieb. ((Fun-fact: Kurz nachdem ich das gepostet habe: Stromausfall und kein Internet f\u00fcr alle. Karma is a bitch! \ud83d\ude48)) Sonst w\u00e4re das heute schwierig geworden mit dem arbeiten. \ud83d\ude05\r\n\r\nDemn\u00e4chst wird dann noch der Hausanschluss gemacht und dann gibt\u2019s endlich Fiber to the Home mit 1000 Mbit/s. \ud83c\udf89"
        }
    ]
}