{
    "version": "https://jsonfeed.org/version/1",
    "title": "eay.cc",
    "description": "Weblog von Stefan Grund",
    "home_page_url": "https://eay.cc",
    "feed_url": "https://eay.cc/2021/status-2021-07-17-2322/feed/json",
    "icon": "https://eay.cc/apple-touch-icon.png",
    "favicon": "https://eay.cc/favicon.ico",
    "author": {
        "name": "Stefan Grund",
        "url": "https://stefangrund.de/",
        "avatar": "https://stefangrund.de/avatar.jpg"
    },
    "items": [
        {
            "id": "37400",
            "_type": "status",
            "url": "https://eay.cc/2021/status-2021-07-17-2322/",
            "content_html": "\n<p>Wer f\u00fcr die Opfer der Hochwasserkatastrophe spenden m\u00f6chte, findet <a href=\"https://www1.wdr.de/nachrichten/spenden-spendenkonto-betroffene-unwetter-schaeden-100.html\">hier beim WDR</a> eine \u00dcbersicht m\u00f6glicher Spendenkonten.</p>\n<p>Das Spendenkonto des Rhein-Erft-Kreises <a href=\"https://www.rhein-erft-kreis.de/hochwasser\">findet sich hier</a>.</p>\n<img decoding=\"async\" src=\"https://eay.cc/wordpress/count.php?url=https%3A%2F%2Feay.cc%2F2021%2Fstatus-2021-07-17-2322%2F\" style=\"border:0;\" width=\"1\" height=\"1\" alt=\"\" />",
            "date_published": "2021-07-17T21:22:11+00:00",
            "date_modified": "2021-07-19T23:03:45+00:00",
            "author": {
                "name": "Stefan"
            },
            "tags": [
                "hochwasser",
                "klimawandel",
                "rhein-erft-kreis"
            ],
            "_short_url": "https://eay.li/2pv",
            "_syndication": [
                "https://twitter.com/eay/status/1416509113530560515"
            ],
            "content_text": "Wer f\u00fcr die Opfer der Hochwasserkatastrophe spenden m\u00f6chte, findet hier beim WDR eine \u00dcbersicht m\u00f6glicher Spendenkonten.\r\n\r\nDas Spendenkonto des Rhein-Erft-Kreises findet sich hier."
        }
    ]
}