{
    "version": "https://jsonfeed.org/version/1",
    "title": "eay.cc",
    "description": "Weblog von Stefan Grund",
    "home_page_url": "https://eay.cc",
    "feed_url": "https://eay.cc/2021/jetzt-schlagen-wir-das-virus-mit-seinen-eigenen-waffen-bundesregierung-stellt-mutierten-christian-drosten-vor/feed/json",
    "icon": "https://eay.cc/apple-touch-icon.png",
    "favicon": "https://eay.cc/favicon.ico",
    "author": {
        "name": "Stefan Grund",
        "url": "https://stefangrund.de/",
        "avatar": "https://stefangrund.de/avatar.jpg"
    },
    "items": [
        {
            "id": "37062",
            "_type": "link",
            "url": "https://eay.cc/2021/jetzt-schlagen-wir-das-virus-mit-seinen-eigenen-waffen-bundesregierung-stellt-mutierten-christian-drosten-vor/",
            "title": "&#8222;Jetzt schlagen wir das Virus mit seinen eigenen Waffen&#8220; \u2013 Bundesregierung stellt mutierten Christian Drosten vor",
            "content_html": "<p><a href=\"https://www.der-postillon.com/2021/01/drosten2.html\" title=\"&#8222;Jetzt schlagen wir das Virus mit seinen eigenen Waffen&#8220; \u2013 Bundesregierung stellt mutierten Christian Drosten vor\">Link \u2192</a></p><blockquote><p>Die Drosten-Mutation mit dem Namen &#8222;Drosten B.1.5.7.&#8220; verf\u00fcgt \u00fcber zahlreiche evolution\u00e4re Vorteile. So kann der mutierte Wissenschaftler noch eindringlicher vor gesundheitlichen Gefahren warnen, verf\u00fcgt \u00fcber einen Mikroskopblick, mit dem er ohne Hilfsmittel auch das kleinste Virus erkennen kann, und ist imstande, bis zu vier Podcasts auf einmal aufzunehmen.</p></blockquote>\n<p>Postillon at its best!</p>\n<img decoding=\"async\" src=\"https://eay.cc/wordpress/count.php?url=https%3A%2F%2Feay.cc%2F2021%2Fjetzt-schlagen-wir-das-virus-mit-seinen-eigenen-waffen-bundesregierung-stellt-mutierten-christian-drosten-vor%2F\" style=\"border:0;\" width=\"1\" height=\"1\" alt=\"\" />",
            "date_published": "2021-01-27T19:30:11+00:00",
            "date_modified": "2021-01-27T19:34:06+00:00",
            "author": {
                "name": "Stefan"
            },
            "tags": [
                "coronavirus",
                "postillon",
                "satire"
            ],
            "_short_url": "https://eay.li/12q",
            "external_url": "https://www.der-postillon.com/2021/01/drosten2.html"
        }
    ]
}