{
    "version": "https://jsonfeed.org/version/1",
    "title": "eay.cc",
    "description": "Weblog von Stefan Grund",
    "home_page_url": "https://eay.cc",
    "feed_url": "https://eay.cc/2021/greenland-2019/feed/json",
    "icon": "https://eay.cc/apple-touch-icon.png",
    "favicon": "https://eay.cc/favicon.ico",
    "author": {
        "name": "Stefan Grund",
        "url": "https://stefangrund.de/",
        "avatar": "https://stefangrund.de/avatar.jpg"
    },
    "items": [
        {
            "id": "37392",
            "_type": "standard",
            "url": "https://eay.cc/2021/greenland-2019/",
            "title": "Greenland (2019)",
            "content_html": "<p>Erster Film des Jahres: \u00bbGreenland\u00ab, von dem wir uns die dr\u00f6lfte Fassung des immer gleichen, leichtsinnig-am\u00fcsanten Katastrophenfilms erhofft haben. Und die haben wir im letzten Drittel auch bekommen. Dass wir davor aber einen packenden Thriller \u00fcber das Versagen unserer Zivilisation zu sehen bekommen w\u00fcrden, war dann doch eine mehr als positive \u00dcberraschung.</p>\n<p>Bonuspunkte gibt es daf\u00fcr, dass all die Hiobsbotschaften aus der aus 2020 bekannten, medialen Egoperspektive vermittelt werden: \u00dcber Bildschirme, Radioger\u00e4te und am Ende der Welt immer noch quotengetriebene Nachrichtensendungen (&#8222;Countdown to Extinction&#8220;). Und das rei\u00dft dann auch das letzte Drittel wieder raus. &nbsp;<svg class=\"icon icon-8 rating\" style=\"width: 108px; height: 18px; display: inline-block; margin: 0 4px -1px 0;\" title=\"Rating: 4/5\" aria-label=\"Rating: 4/5\"><use xmlns:xlink=\"http://www.w3.org/1999/xlink\" xlink:href=\"https://eay.cc/wordpress/wp-content/themes/neill/images/svg-sprites/rating.svg#icon-8\"></use></svg></p>\n<img decoding=\"async\" src=\"https://eay.cc/wordpress/count.php?url=https%3A%2F%2Feay.cc%2F2021%2Fgreenland-2019%2F\" style=\"border:0;\" width=\"1\" height=\"1\" alt=\"\" />",
            "date_published": "2021-01-02T07:00:00+00:00",
            "date_modified": "2021-07-07T14:36:49+00:00",
            "author": {
                "name": "Stefan"
            },
            "tags": [
                "filme"
            ],
            "_short_url": "https://eay.li/2ps"
        }
    ]
}