{
    "version": "https://jsonfeed.org/version/1",
    "title": "eay.cc",
    "description": "Weblog von Stefan Grund",
    "home_page_url": "https://eay.cc",
    "feed_url": "https://eay.cc/2020/ein-paar-corona-links/feed/json",
    "icon": "https://eay.cc/apple-touch-icon.png",
    "favicon": "https://eay.cc/favicon.ico",
    "author": {
        "name": "Stefan Grund",
        "url": "https://stefangrund.de/",
        "avatar": "https://stefangrund.de/avatar.jpg"
    },
    "items": [
        {
            "id": "36850",
            "_type": "aside",
            "url": "https://eay.cc/2020/ein-paar-corona-links/",
            "content_html": "\n<p>Nicht nur <a href=\"https://eay.cc/2020/status-2020-12-02-1422/\">aus aktuellem Anlass</a> mal wieder ein paar Corona-Links:</p>\n<ul>\n<li>Die Zeit wandelt mit einem interaktiven Artikel auf <a href=\"https://eay.cc/2020/a-room-a-bar-and-a-classroom-how-the-coronavirus-is-spread-through-the-air/\">den Spuren von El Pais</a>, der mit verschiedenen Szenarien und Schiebereglern sehr gut aufzeigt, <a href=\"https://www.zeit.de/wissen/gesundheit/2020-11/coronavirus-aerosole-ansteckungsgefahr-infektion-hotspot-innenraeume\">wie schnell sich das Coronavirus in Innenr\u00e4umen verbreiten kann</a>.</li>\n<li><a href=\"https://www.kpetrova.com/\">Kate Petrova</a> beleuchtet derweil in einem Twitter-Thread<a href=\"https://eay.cc/2020/ein-paar-corona-links/#footnote_0_36850\" id=\"identifier_0_36850\" class=\"footnote-link footnote-identifier-link\" title=\"Wehm&uuml;tig erinnere ich mich an die Zeit als sowas noch eigenst&auml;ndige Blogposts waren&hellip;\">1</a> eine \u00fcberaus interessante Korrelation: <a href=\"https://twitter.com/kate_ptrv/status/1332398737604431874\">Seit Beginn der Corona-Pandemie haben sich die Bewertungen f\u00fcr Duftkerzen verschlechtert</a>. Die Rezensenten wussten zum Zeitpunkt ihrer Bewertung scheinbar (noch) nichts von ihrer Corona-Infektion, die bekanntlich oftmals mit dem tempor\u00e4ren Verlust des Geruchssinns einhergeht, und haben f\u00e4lschlicherweise gedacht, dass sie nutzlose Duftkerzen ohne Duft bekommen h\u00e4tten. (via <a href=\"https://waxy.org/\">Waxy</a>)</li>\n<li>Und noch ein Zeit-Artikel: In &#8222;<a href=\"https://www.zeit.de/wissen/gesundheit/2020-11/impfstoffentwicklung-corona-impfstoff-erbgut-klinische-phasen-forschung\">Der Erste seiner Art</a>&#8220; wird beschrieben, was es mit dem neuen mRNA-Impfstoff auf sich hat und warum die Entwicklung und Zulassung diesmal so schnell geht (Spoiler: Vorwissen durch <a href=\"https://de.wikipedia.org/wiki/Schweres_akutes_Atemwegssyndrom\">SARS-CoV-1</a>, mehr \u00f6ffentliches Interesse und damit schnellere Pr\u00fcfungen und mehr Finanzmittel).</li>\n</ul>\n<img decoding=\"async\" src=\"https://eay.cc/wordpress/count.php?url=https%3A%2F%2Feay.cc%2F2020%2Fein-paar-corona-links%2F\" style=\"border:0;\" width=\"1\" height=\"1\" alt=\"\" /><ol class=\"footnotes\"><li id=\"footnote_0_36850\" class=\"footnote\">Wehm\u00fctig erinnere ich mich an die Zeit als sowas noch eigenst\u00e4ndige Blogposts waren&#8230;</li></ol>",
            "date_published": "2020-12-03T13:03:58+00:00",
            "date_modified": "2021-01-22T22:19:31+00:00",
            "author": {
                "name": "Stefan"
            },
            "tags": [
                "coronavirus",
                "datenjournalismus",
                "gesundheit",
                "wissenschaft"
            ],
            "_short_url": "https://eay.li/3g8",
            "content_text": "Nicht nur aus aktuellem Anlass mal wieder ein paar Corona-Links:\r\n\r\n\r\n \tDie Zeit wandelt mit einem interaktiven Artikel auf den Spuren von El Pais, der mit verschiedenen Szenarien und Schiebereglern sehr gut aufzeigt, wie schnell sich das Coronavirus in Innenr\u00e4umen verbreiten kann.\r\n \tKate Petrova beleuchtet derweil in einem Twitter-Thread ((Wehm\u00fctig erinnere ich mich an die Zeit als sowas noch eigenst\u00e4ndige Blogposts waren...)) eine \u00fcberaus interessante Korrelation: Seit Beginn der Corona-Pandemie haben sich die Bewertungen f\u00fcr Duftkerzen verschlechtert. Die Rezensenten wussten zum Zeitpunkt ihrer Bewertung scheinbar (noch) nichts von ihrer Corona-Infektion, die bekanntlich oftmals mit dem tempor\u00e4ren Verlust des Geruchssinns einhergeht, und haben f\u00e4lschlicherweise gedacht, dass sie nutzlose Duftkerzen ohne Duft bekommen h\u00e4tten. (via Waxy)\r\n \tUnd noch ein Zeit-Artikel: In \"Der Erste seiner Art\" wird beschrieben, was es mit dem neuen mRNA-Impfstoff auf sich hat und warum die Entwicklung und Zulassung diesmal so schnell geht (Spoiler: Vorwissen durch SARS-CoV-1, mehr \u00f6ffentliches Interesse und damit schnellere Pr\u00fcfungen und mehr Finanzmittel)."
        }
    ]
}