{
    "version": "https://jsonfeed.org/version/1",
    "title": "eay.cc",
    "description": "Weblog von Stefan Grund",
    "home_page_url": "https://eay.cc",
    "feed_url": "https://eay.cc/2018/europaparlament-stimmt-fuer-upload-filter-und-ein-eu-leistungsschutzrecht/feed/json",
    "icon": "https://eay.cc/apple-touch-icon.png",
    "favicon": "https://eay.cc/favicon.ico",
    "author": {
        "name": "Stefan Grund",
        "url": "https://stefangrund.de/",
        "avatar": "https://stefangrund.de/avatar.jpg"
    },
    "items": [
        {
            "id": "34933",
            "_type": "link",
            "url": "https://eay.cc/2018/europaparlament-stimmt-fuer-upload-filter-und-ein-eu-leistungsschutzrecht/",
            "title": "Europaparlament stimmt f\u00fcr Upload-Filter und ein EU-Leistungsschutzrecht",
            "content_html": "<p><a href=\"http://www.spiegel.de/netzwelt/netzpolitik/urheberrechts-reform-eu-parlament-stimmt-fuer-umstrittene-upload-filter-a-1227752.html\" title=\"Europaparlament stimmt f\u00fcr Upload-Filter und ein EU-Leistungsschutzrecht\">Link \u2192</a></p><p>Genau, lassen wir doch den Rest der Welt Innovation betreiben, w\u00e4hrend unsere eigene IT-Branche, eingezw\u00e4ngt durch dieses neue Rechtskorsett, stagniert und wir zur Aufrechterhaltung von \u00fcberholten Gesch\u00e4ftsmodellen auch gleich eine weitreichende Zensurmaschinerie etablieren. \ud83e\udd26\ud83c\udffb\u200d\u2642\ufe0f</p>\n<img decoding=\"async\" src=\"https://eay.cc/wordpress/count.php?url=https%3A%2F%2Feay.cc%2F2018%2Feuropaparlament-stimmt-fuer-upload-filter-und-ein-eu-leistungsschutzrecht%2F\" style=\"border:0;\" width=\"1\" height=\"1\" alt=\"\" />",
            "date_published": "2018-09-12T13:42:39+00:00",
            "date_modified": "2018-09-12T13:45:49+00:00",
            "author": {
                "name": "Stefan"
            },
            "tags": [
                "europa",
                "internet",
                "leistungsschutzrecht",
                "netzkultur",
                "politik",
                "urheberrecht",
                "zensur"
            ],
            "_short_url": "https://eay.li/36p",
            "_syndication": [
                "https://eay.social/@eay/100713097103173294",
                "https://twitter.com/eay/status/1039872460005564417"
            ],
            "external_url": "http://www.spiegel.de/netzwelt/netzpolitik/urheberrechts-reform-eu-parlament-stimmt-fuer-umstrittene-upload-filter-a-1227752.html"
        }
    ]
}