{
    "version": "https://jsonfeed.org/version/1",
    "title": "eay.cc",
    "description": "Weblog von Stefan Grund",
    "home_page_url": "https://eay.cc",
    "feed_url": "https://eay.cc/2017/mord-im-orient-express-2017/feed/json",
    "icon": "https://eay.cc/apple-touch-icon.png",
    "favicon": "https://eay.cc/favicon.ico",
    "author": {
        "name": "Stefan Grund",
        "url": "https://stefangrund.de/",
        "avatar": "https://stefangrund.de/avatar.jpg"
    },
    "items": [
        {
            "id": "33766",
            "_type": "standard",
            "url": "https://eay.cc/2017/mord-im-orient-express-2017/",
            "title": "Mord im Orient-Express (2017)",
            "content_html": "<p>Ich muss zugeben, dass ich weder die Buchvorlage von 1934, noch die Verfilmungen von 1974 oder eine der nachfolgenden kenne, und daher nicht beurteilen kann, inwieweit das neueste Remake den Vorg\u00e4ngern gerecht wird.</p>\n<p>An sich fand ich den Orient-Express im Vergleich zu seinem Staraufgebot, aber eher <em>underwhelming</em>. Die Dialoge waren nett, aber nach der ersten H\u00e4lfte verlor der Film seinen Witz und damit auch mich. Stattdessen sehen wir die Aufl\u00f6sung eines Kriminalfalls, den der Zuschauer niemals h\u00e4tte l\u00f6sen k\u00f6nnen, fehlt ihm doch das fiktionale Vorwissen, dass die Figuren hier haben und erst zum Ende der 114 Minuten offenbaren. &nbsp;<svg class=\"icon icon-4 rating\" style=\"width: 108px; height: 18px; display: inline-block; margin: 0 4px -1px 0;\" title=\"Rating: 2/5\" aria-label=\"Rating: 2/5\"><use xmlns:xlink=\"http://www.w3.org/1999/xlink\" xlink:href=\"https://eay.cc/wordpress/wp-content/themes/neill/images/svg-sprites/rating.svg#icon-4\"></use></svg></p>\n<img decoding=\"async\" src=\"https://eay.cc/wordpress/count.php?url=https%3A%2F%2Feay.cc%2F2017%2Fmord-im-orient-express-2017%2F\" style=\"border:0;\" width=\"1\" height=\"1\" alt=\"\" />",
            "date_published": "2017-11-28T23:10:57+00:00",
            "date_modified": "2017-11-29T20:38:25+00:00",
            "author": {
                "name": "Stefan"
            },
            "tags": [
                "agatha christie",
                "buchverfilmung",
                "filme",
                "kinolog",
                "remake"
            ],
            "_short_url": "https://eay.li/32i",
            "_syndication": [
                "https://twitter.com/eay/status/935771705720692739"
            ]
        }
    ]
}