{
    "version": "https://jsonfeed.org/version/1",
    "title": "eay.cc",
    "description": "Weblog von Stefan Grund",
    "home_page_url": "https://eay.cc",
    "feed_url": "https://eay.cc/2016/abmahnbeantworter/feed/json",
    "icon": "https://eay.cc/apple-touch-icon.png",
    "favicon": "https://eay.cc/favicon.ico",
    "author": {
        "name": "Stefan Grund",
        "url": "https://stefangrund.de/",
        "avatar": "https://stefangrund.de/avatar.jpg"
    },
    "items": [
        {
            "id": "31713",
            "_type": "link",
            "url": "https://eay.cc/2016/abmahnbeantworter/",
            "title": "Abmahnbeantworter",
            "content_html": "<p><a href=\"https://abmahnbeantworter.ccc.de/\" title=\"Abmahnbeantworter\">Link \u2192</a></p>\n<blockquote><p>Sie haben eine Abmahnung f\u00fcr einen Urheberrechtsversto\u00df erhalten? Erzeugen Sie mit diesem Schriftsatz-Generator in f\u00fcnf Schritten ein Antwortschreiben, das die abmahnende Kanzlei \u00fcber die Unrechtm\u00e4\u00dfigkeit der Abmahnung in Kenntnis setzt.</p></blockquote>\n<p>Tolles und wichtiges Tool vom CCC und den Freifunkern, dass, so <a href=\"https://netzpolitik.org/2016/abmahnbeantworter-neues-tool-hilft-unberechtigt-abgemahnten-bei-gegenwehr/\">Netzpolitik.org</a>, &#8222;das Abmahnrisiko wieder dahin [verlagert], wohin es bei unberechtigten Abmahnungen auch geh\u00f6rt: zum Abmahnenden.&#8220;</p>\n<p><b>Update, 24.08.:</b> Rechtsanwalt und CCC-Mitglied <a href=\"http://www.kanzleikompa.de/2016/08/23/abmahnbeantworter-des-ccc-leider-nicht-zu-empfehlen/\">Markus Kompa kritisiert den Abmahnbeantworter</a>, weil man damit im Vorfeld zuviel von sich preisgibt.</p>\n<img decoding=\"async\" src=\"https://eay.cc/wordpress/count.php?url=https%3A%2F%2Feay.cc%2F2016%2Fabmahnbeantworter%2F\" style=\"border:0;\" width=\"1\" height=\"1\" alt=\"\" />",
            "date_published": "2016-08-23T21:08:21+00:00",
            "date_modified": "2016-08-24T12:34:27+00:00",
            "author": {
                "name": "Stefan"
            },
            "tags": [
                "ccc",
                "deutschland",
                "netzkultur",
                "urheberrecht"
            ],
            "_short_url": "https://eay.li/2uw",
            "external_url": "https://abmahnbeantworter.ccc.de/"
        }
    ]
}