{
    "version": "https://jsonfeed.org/version/1",
    "title": "eay.cc",
    "description": "Weblog von Stefan Grund",
    "home_page_url": "https://eay.cc",
    "feed_url": "https://eay.cc/2014/alternate-reality-timeline-der-nsa-affaere/feed/json",
    "icon": "https://eay.cc/apple-touch-icon.png",
    "favicon": "https://eay.cc/favicon.ico",
    "author": {
        "name": "Stefan Grund",
        "url": "https://stefangrund.de/",
        "avatar": "https://stefangrund.de/avatar.jpg"
    },
    "items": [
        {
            "id": "28157",
            "_type": "link",
            "url": "https://eay.cc/2014/alternate-reality-timeline-der-nsa-affaere/",
            "title": "Alternate-Reality-Timeline der NSA-Aff\u00e4re",
            "content_html": "<p><a href=\"http://www.ndr.de/nachrichten/netzwelt/nsa-skandal-alternative-chronik%2Cnsa220.html\" title=\"Alternate-Reality-Timeline der NSA-Aff\u00e4re\">Link \u2192</a></p><blockquote><p>Merkel erkl\u00e4rt die Aufkl\u00e4rung zur Chefsache: &#8222;Dass ich als Kanzlerin abgeh\u00f6rt werde, damit muss man rechnen \u2013 aber die millionenfache \u00dcberwachung von B\u00fcrgern ist ein Versto\u00df gegen die Grundrechte, den wir nicht dulden k\u00f6nnen.&#8220; [&#8230;] &#8222;Das Wohl des Staates und der B\u00fcrger wiegt schwerer als gute Beziehungen zu unseren Freunden in Washington.&#8220;</p></blockquote>\n<p>Ich w\u00fcrde nur zu gerne in dem Paralleluniversum von Fiete Stegers leben&#8230;</p>\n<img decoding=\"async\" src=\"https://eay.cc/wordpress/count.php?url=https%3A%2F%2Feay.cc%2F2014%2Falternate-reality-timeline-der-nsa-affaere%2F\" style=\"border:0;\" width=\"1\" height=\"1\" alt=\"\" />",
            "date_published": "2014-06-10T14:26:00+00:00",
            "date_modified": "2014-06-10T16:16:18+00:00",
            "author": {
                "name": "Stefan"
            },
            "tags": [
                "deutschland",
                "edward snowden",
                "ndr",
                "nsa",
                "politik",
                "\u00fcberwachung"
            ],
            "_short_url": "https://eay.li/2gr",
            "external_url": "http://www.ndr.de/nachrichten/netzwelt/nsa-skandal-alternative-chronik%2Cnsa220.html"
        }
    ]
}