{
    "version": "https://jsonfeed.org/version/1",
    "title": "eay.cc",
    "description": "Weblog von Stefan Grund",
    "home_page_url": "https://eay.cc",
    "feed_url": "https://eay.cc/2013/peter-schaar-ueber-verhaltensaenderung-durch-ueberwachung/feed/json",
    "icon": "https://eay.cc/apple-touch-icon.png",
    "favicon": "https://eay.cc/favicon.ico",
    "author": {
        "name": "Stefan Grund",
        "url": "https://stefangrund.de/",
        "avatar": "https://stefangrund.de/avatar.jpg"
    },
    "items": [
        {
            "id": "26148",
            "_type": "quote",
            "url": "https://eay.cc/2013/peter-schaar-ueber-verhaltensaenderung-durch-ueberwachung/",
            "title": "Peter Schaar \u00fcber Verhaltens\u00e4nderung durch \u00dcberwachung",
            "content_html": "\n<blockquote><p>Es geht nicht mehr um die Frage, wie entfalten wir uns, sondern um die Frage, wie schaffen wir es, nicht aufzufallen? Das ist das Gegenteil von Freiheit.</p></blockquote>\n<p>\u2013 <strong>Peter Schaar</strong>, Bundesbeauftragter f\u00fcr Datenschutz und Informationsfreiheit, <a href=\"http://www.zeit.de/digital/datenschutz/2013-11/interview-peter-schaar-ende-amtszeit/\">im Zeit-Interview</a> \u00fcber Verhaltens\u00e4nderung durch \u00dcberwachung.</p>\n<img decoding=\"async\" src=\"https://eay.cc/wordpress/count.php?url=https%3A%2F%2Feay.cc%2F2013%2Fpeter-schaar-ueber-verhaltensaenderung-durch-ueberwachung%2F\" style=\"border:0;\" width=\"1\" height=\"1\" alt=\"\" />",
            "date_published": "2013-11-21T15:53:48+00:00",
            "date_modified": "2013-11-21T15:53:48+00:00",
            "author": {
                "name": "Stefan"
            },
            "tags": [
                "deutschland",
                "nsa",
                "politik",
                "privatsph\u00e4re",
                "\u00fcberwachung"
            ],
            "_short_url": "https://eay.li/29r"
        }
    ]
}