{
    "version": "https://jsonfeed.org/version/1",
    "title": "eay.cc",
    "description": "Weblog von Stefan Grund",
    "home_page_url": "https://eay.cc",
    "feed_url": "https://eay.cc/2013/lsr-und-depublizierungs-rant/feed/json",
    "icon": "https://eay.cc/apple-touch-icon.png",
    "favicon": "https://eay.cc/favicon.ico",
    "author": {
        "name": "Stefan Grund",
        "url": "https://stefangrund.de/",
        "avatar": "https://stefangrund.de/avatar.jpg"
    },
    "items": [
        {
            "id": "26424",
            "_type": "standard",
            "url": "https://eay.cc/2013/lsr-und-depublizierungs-rant/",
            "title": "LSR- und Depublizierungs-Rant",
            "content_html": "\n<p>Ich habe vorgestern die \u00dcbersetzung eines <a href=\"//eay.cc/2013/jeff-jarvis-fordert-hippokratischen-eid-fuer-informatiker/\">Textes von Jeff Jarvis</a> gelesen, dann aber das Original zitiert und verlinkt, weil der Akt der \u00dcberf\u00fchrung von Besuchern auf deutsche Verlagsangebote hierzulande ja eventuell &#8211; wer wei\u00df das schon genau? &#8211; nicht rechtens ist. Stichwort <a href=\"https://de.wikipedia.org/wiki/Leistungsschutzrecht_f%C3%BCr_Presseverleger\">Leistungsschutzrecht</a>.</p>\n<p><a href=\"http://edieh.de/\">Ron</a> hat mich daraufhin <a href=\"https://twitter.com/docron/status/413302568731672578\">per Twitter</a> darauf aufmerksam gemacht, dass Der Freitag, bei dem Jarvis&#8216; Text u.a. auf deutsch erschienen ist, damals &#8222;feierlich&#8220; <a href=\"http://www.freitag.de/autoren/jaugstein/der-freitag-und-das-leistungsschutzrecht\">erkl\u00e4rt hat</a>, das LSR nicht wahrnehmen zu wollen. Solche Erkl\u00e4rungen gibt&#8217;s auch von SpOn und sicherlich auch Zeit.de, wo ich den Text urspr\u00fcnglich gelesen habe. Das ist sch\u00f6n und gut und w\u00e4re auch ganz lobenswert, wenn die Branche als ganzes das LSR zuvor nicht, indem kaum bis gar nicht berichtet wurde, toleriert h\u00e4tte. Ist ja auch klar: Man wei\u00df nicht, wo die Reise hingeht und wenn da wer mit einer potentiellen Einnahmequellen daherkommt, h\u00e4lt man lieber die F\u00fc\u00dfe still. M\u00f6glicherweise lesen die Kids bald gar nicht mehr. Oder noch schlimmer: Nur noch die Headlines via Google, Facebook und Konsorten. Oder aber sie &#8222;setzen&#8220; Links wie es ihnen beliebt. Wom\u00f6glich sogar auf <a href=\"http://blog.markus-mail.com/opel-de-zu-verlinken-ist-verboten/\">Opel.de</a>. Ich schweife ab.</p>\n<p>Jedenfalls wei\u00df man nicht, ob Erkl\u00e4rungen dar\u00fcber, dass weiter verlinkt und zitiert werden darf, rechtsg\u00fcltige Freifahrscheine oder lediglich Lippenbekenntnisse sind. So lange dieses Unsinnsgesetz also weiterhin besteht und sei es nur als Papiertiger, werde ich &#8211; wann immer m\u00f6glich &#8211; lieber auf ausl\u00e4ndische Medienh\u00e4user oder Nicht-Verlage verweisen. Und meinen Unmut dar\u00fcber kundtun. Aus Prinzip.</p>\n<p>Und wo wir schon dabei sind: Die <a href=\"https://de.wikipedia.org/wiki/Depublizieren\">Depublizierung</a> von Inhalten der \u00d6ffentlich-rechtlichen halte ich f\u00fcr gleichwertigen Gesetzesmist, der 2009 eigentlich einen bundesweiten medialen #Aufschrei zur Folge h\u00e4tte haben m\u00fcssen. Aber hier wie da sah sich die schreibende Zunft nicht in der Lage ihrer einzigen Aufgabe, dem Bericht erstatten und Informieren, nachzukommen. Denn anstelle von Emp\u00f6rung dar\u00fcber, dass Millionen von Deutschen das, was sie per Rundfunkbeitrag schon bezahlt haben, wieder weggenommen wird, herrschte gro\u00dfes Schweigen. Weil weniger tagesschau.de-Leser ja mehr Reichweite f\u00fcr Spiegel-, Bild-, FAZ- und Kunz Online bedeutet. Also danke auch daf\u00fcr.</p>\n<p>Oder um es kurz zu machen: Die \u00dcbersetzung von Jarvis&#8216; Text wird weiterhin nicht verlinkt. Trotzdem danke f\u00fcr den Hinweis, Ron. \ud83d\ude09</p>\n<img decoding=\"async\" src=\"https://eay.cc/wordpress/count.php?url=https%3A%2F%2Feay.cc%2F2013%2Flsr-und-depublizierungs-rant%2F\" style=\"border:0;\" width=\"1\" height=\"1\" alt=\"\" />",
            "date_published": "2013-12-18T23:09:12+00:00",
            "date_modified": "2013-12-18T23:09:12+00:00",
            "author": {
                "name": "Stefan"
            },
            "tags": [
                "depublizieren",
                "deutschland",
                "journalismus",
                "leistungsschutzrecht",
                "\u00f6ffentlich-rechtliche",
                "politik"
            ],
            "_short_url": "https://eay.li/2av"
        }
    ]
}