{
    "version": "https://jsonfeed.org/version/1",
    "title": "eay.cc",
    "description": "Weblog von Stefan Grund",
    "home_page_url": "https://eay.cc",
    "feed_url": "https://eay.cc/2013/kolner-kino-nachte-2013/feed/json",
    "icon": "https://eay.cc/apple-touch-icon.png",
    "favicon": "https://eay.cc/favicon.ico",
    "author": {
        "name": "Stefan Grund",
        "url": "https://stefangrund.de/",
        "avatar": "https://stefangrund.de/avatar.jpg"
    },
    "items": [
        {
            "id": "23592",
            "_type": "standard",
            "url": "https://eay.cc/2013/kolner-kino-nachte-2013/",
            "title": "K\u00f6lner Kino N\u00e4chte 2013",
            "content_html": "\n<p>Wie <a href=\"//eay.cc/2012/kolner-kino-nachte-2012/\">schon</a> in den letzten Jahren hier noch der obligatorische Hinweis auf die diesj\u00e4hrigen <a href=\"http://www.koelner-kino-naechte.de/\">K\u00f6lner Kino N\u00e4chte</a>, die von heute bis Sonntag zum f\u00fcnften Mal stattfinden. Eine tolle Veranstaltungsreihe, bei der in den diversen K\u00f6lner Lichtspielh\u00e4usern Filme und Klassiker gezeigt werden, die man sonst selten auf der gro\u00dfen Leinwand zu sehen bekommt. Das <a href=\"http://www.koelner-kino-naechte.de/2013/programm/\">Programm findet ihr hier</a>, beim Kombiticket, das f\u00fcr alle Vorf\u00fchrungen gilt, ist man mit 15 Euro dabei. Hingehen!</p>\n<img decoding=\"async\" src=\"https://eay.cc/wordpress/count.php?url=https%3A%2F%2Feay.cc%2F2013%2Fkolner-kino-nachte-2013%2F\" style=\"border:0;\" width=\"1\" height=\"1\" alt=\"\" />",
            "date_published": "2013-07-04T11:25:22+00:00",
            "date_modified": "2013-07-04T12:57:50+00:00",
            "author": {
                "name": "Stefan"
            },
            "tags": [
                "filme",
                "kino",
                "k\u00f6ln",
                "veranstaltung"
            ],
            "_short_url": "https://eay.li/24r"
        }
    ]
}