{
    "version": "https://jsonfeed.org/version/1",
    "title": "eay.cc",
    "description": "Weblog von Stefan Grund",
    "home_page_url": "https://eay.cc",
    "feed_url": "https://eay.cc/2012/r2-d2s-kopf/feed/json",
    "icon": "https://eay.cc/apple-touch-icon.png",
    "favicon": "https://eay.cc/favicon.ico",
    "author": {
        "name": "Stefan Grund",
        "url": "https://stefangrund.de/",
        "avatar": "https://stefangrund.de/avatar.jpg"
    },
    "items": [
        {
            "id": "20846",
            "_type": "image",
            "url": "https://eay.cc/2012/r2-d2s-kopf/",
            "title": "R2-D2s Kopf",
            "content_html": "\n<p><img decoding=\"async\" src=\"https://eay.cc/uploads/2012/r2d2head.jpg\" alt=\"\" class=\"photog\" /></p>\n<p>Ich. Mit R2-D2s Kopf. <a href=\"http://instagram.com/p/QDZmz0nSzP/\">Heute aufgenommen</a> beim Dreh unserer <a href=\"//eay.cc/2012/empire-uncut/\">Empire Uncut</a>-Szene. Weitere Fotos, die eigentliche Szene und das zweist\u00fcndige Making Of unseres f\u00fcnfzehn Sekunden kurzen Clips folgen nat\u00fcrlich demn\u00e4chst an dieser Stelle.</p>\n<img decoding=\"async\" src=\"https://eay.cc/wordpress/count.php?url=https%3A%2F%2Feay.cc%2F2012%2Fr2-d2s-kopf%2F\" style=\"border:0;\" width=\"1\" height=\"1\" alt=\"\" />",
            "date_published": "2012-09-26T21:30:40+00:00",
            "date_modified": "2017-05-12T12:02:03+00:00",
            "author": {
                "name": "Stefan"
            },
            "tags": [
                "fotos",
                "instagram",
                "kost\u00fcm",
                "star wars",
                "star wars uncut"
            ],
            "_short_url": "https://eay.li/1mi",
            "_syndication": [
                "https://www.instagram.com/p/QDZmz0nSzP/"
            ],
            "image": "https://eay.cc/uploads/2012/r2d2head.jpg"
        }
    ]
}