{
    "version": "https://jsonfeed.org/version/1",
    "title": "eay.cc",
    "description": "Weblog von Stefan Grund",
    "home_page_url": "https://eay.cc",
    "feed_url": "https://eay.cc/2012/gif-der-woche-78/feed/json",
    "icon": "https://eay.cc/apple-touch-icon.png",
    "favicon": "https://eay.cc/favicon.ico",
    "author": {
        "name": "Stefan Grund",
        "url": "https://stefangrund.de/",
        "avatar": "https://stefangrund.de/avatar.jpg"
    },
    "items": [
        {
            "id": "18577",
            "_type": "standard",
            "url": "https://eay.cc/2012/gif-der-woche-78/",
            "title": ".gif der Woche #78",
            "content_html": "<p><img decoding=\"async\" src=\"https://eay.cc/uploads/2012/banane.gif\" alt=\"\" class=\"photog\" style=\"width: 486px;\" /><br />\nHey, anst\u00f6\u00dfige Jubil\u00e4umsbanane! Denn vor genau vier Jahren, am <a href=\"//eay.cc/2008/gif-der-woche-1/\">28. Januar 2008</a>, habe ich das <a href=\"//eay.cc/tag/gif-der-woche/\">.gif der Woche</a> hier eingef\u00fchrt und wie ihr an der Nummerierung oben erkennen k\u00f6nnt, war ich alles andere als konsequent damit das ganze tats\u00e4chlich auch w\u00f6chentlich zu bringen. Aber hey, auch egal! Anst\u00f6\u00dfige Jubil\u00e4umsbanane!</p>\n<img decoding=\"async\" src=\"https://eay.cc/wordpress/count.php?url=https%3A%2F%2Feay.cc%2F2012%2Fgif-der-woche-78%2F\" style=\"border:0;\" width=\"1\" height=\"1\" alt=\"\" />",
            "date_published": "2012-01-28T07:00:29+00:00",
            "date_modified": "2012-01-27T22:26:48+00:00",
            "author": {
                "name": "Stefan"
            },
            "tags": [
                "gif der woche",
                "nahrung"
            ],
            "_short_url": "https://eay.li/1fg"
        }
    ]
}