{
    "version": "https://jsonfeed.org/version/1",
    "title": "eay.cc",
    "description": "Weblog von Stefan Grund",
    "home_page_url": "https://eay.cc",
    "feed_url": "https://eay.cc/2010/was-macht-sich-besser-unter-meinem-tv/feed/json",
    "icon": "https://eay.cc/apple-touch-icon.png",
    "favicon": "https://eay.cc/favicon.ico",
    "author": {
        "name": "Stefan Grund",
        "url": "https://stefangrund.de/",
        "avatar": "https://stefangrund.de/avatar.jpg"
    },
    "items": [
        {
            "id": "13414",
            "_type": "standard",
            "url": "https://eay.cc/2010/was-macht-sich-besser-unter-meinem-tv/",
            "title": "Was macht sich besser unter (m)einem TV?",
            "content_html": "\n<form method=\"post\" action=\"http://poll.pollcode.com/kF0Y\">\n<p><a href=\"http://www.apple.com/de/appletv/\"><img decoding=\"async\" src=\"https://eay.cc/uploads/2010/appletv.jpg\" alt=\"\" /></a> <a href=\"http://www.amazon.de/exec/obidos/ASIN/B0043EV3MS/eayznet-21\"><img decoding=\"async\" src=\"https://eay.cc/uploads/2010/boxee.jpg\" alt=\"\" /><br />\n</a></p>\n<div style=\"width: 500px;\">\n<div style=\"width: 250px; float: left; text-align: center;\"><input type=radio name=\"answer\" value=\"1\"> Apple TV</div>\n<div style=\"width: 250px; float: right; text-align: center;\"><input type=radio name=\"answer\" value=\"2\"> Boxee Box</div>\n</div>\n<div style=\"width: 500px; text-align: center;\"><input type=\"submit\" value=\"Abstimmen\"> <input type=\"submit\" name=\"view\" value=\"Ergebnis ansehen\"></div>\n</form>\n<p>In den Kommentaren k\u00f6nnt ihr auch \u00fcberaus gerne argumentieren, warum ich mich f\u00fcr das eine und gegen das andere TV-Anh\u00e4ngsel entscheiden soll.</p>\n<img decoding=\"async\" src=\"https://eay.cc/wordpress/count.php?url=https%3A%2F%2Feay.cc%2F2010%2Fwas-macht-sich-besser-unter-meinem-tv%2F\" style=\"border:0;\" width=\"1\" height=\"1\" alt=\"\" />",
            "date_published": "2010-10-25T20:12:53+00:00",
            "date_modified": "2013-07-25T10:11:17+00:00",
            "author": {
                "name": "Stefan"
            },
            "tags": [
                "apple",
                "apple tv",
                "boxee",
                "fernsehen",
                "konsum",
                "streaming",
                "technologie",
                "umfrage"
            ],
            "_short_url": "https://eay.li/11w"
        }
    ]
}