{
    "version": "https://jsonfeed.org/version/1",
    "title": "eay.cc",
    "description": "Weblog von Stefan Grund",
    "home_page_url": "https://eay.cc",
    "feed_url": "https://eay.cc/2010/the-making-of-the-walking-dead/feed/json",
    "icon": "https://eay.cc/apple-touch-icon.png",
    "favicon": "https://eay.cc/favicon.ico",
    "author": {
        "name": "Stefan Grund",
        "url": "https://stefangrund.de/",
        "avatar": "https://stefangrund.de/avatar.jpg"
    },
    "items": [
        {
            "id": "13284",
            "_type": "standard",
            "url": "https://eay.cc/2010/the-making-of-the-walking-dead/",
            "title": "The Making of The Walking Dead",
            "content_html": "\n<p><object width=\"500\" height=\"304\"><param name=\"movie\" value=\"http://www.youtube.com/v/dL0OAhq6cpA?fs=1&amp;hl=de_DE\"></param><param name=\"allowFullScreen\" value=\"true\"></param><param name=\"allowscriptaccess\" value=\"always\"></param><embed src=\"http://www.youtube.com/v/dL0OAhq6cpA?fs=1&amp;hl=de_DE\" type=\"application/x-shockwave-flash\" allowscriptaccess=\"always\" allowfullscreen=\"true\" width=\"500\" height=\"304\"></embed></object><br />\n(<a href=\"http://www.youtube.com/watch?v=dL0OAhq6cpA\">YouTube Direktteil 1</a> und <a href=\"http://www.youtube.com/watch?v=E7gYbnspwGg\">Teil 2</a>, via mir selbst <a href=\"http://twitter.com/Eay/status/27171810303\">bei Twitter</a>)</p>\n<p>Ich habe mir gerade &#8211; YouTube sei dank &#8211; die 17 min\u00fctige Behind the Scenes-Doku zu <a href=\"//eay.cc/tag/the-walking-dead/\">The Walking Dead</a> angesehen, die es seit einigen Tagen auf der AMC-Webseite zu sehen gibt, sofern man im Copyright-gelobten Land lebt. Und wenn man mal von der typischen Making of-Bauchpinselei absieht (&#8222;Die allerallerallerbesten Kollegen, mit denen ich jemals zusammengearbeitet habe!&#8220;), gibt&#8217;s immerhin ein paar neue, wie schon zuletzt vielversprechende Eindr\u00fccke, die uns hungrige Zombiefanhorde zumindest f\u00fcr 17 Minuten ruhig stellt. Also ansehen und (noch mehr) vorfreuen.</p>\n<p><del datetime=\"2010-10-14T16:55:43+00:00\">Fun-Fact am Rande: Der f\u00fcr September angek\u00fcndigte <a href=\"http://www.amazon.de/exec/obidos/ASIN/3941248901/eayznet-21\">Band 11</a> soll jetzt laut Amazon angeblich am 25.10. erscheinen. Bin ich mal gespannt.</del> <strong>Update zum Fun-Fact:</strong> Amazon braucht diesmal anscheinend l\u00e4nger als der Rest. Im Offline-Buchhandel ist &#8222;J\u00e4ger und Gejagte&#8220; bereits erh\u00e4ltlich. Hab&#8217;s gerade gelesen <a href=\"http://twitter.com/Eay/status/27358586068\">und&#8230;</a></p>\n<img decoding=\"async\" src=\"https://eay.cc/wordpress/count.php?url=https%3A%2F%2Feay.cc%2F2010%2Fthe-making-of-the-walking-dead%2F\" style=\"border:0;\" width=\"1\" height=\"1\" alt=\"\" />",
            "date_published": "2010-10-13T18:19:00+00:00",
            "date_modified": "2010-10-14T16:57:47+00:00",
            "author": {
                "name": "Stefan"
            },
            "tags": [
                "comics",
                "fernsehen",
                "making of",
                "serien",
                "the walking dead",
                "zombies"
            ],
            "_short_url": "https://eay.li/11o"
        }
    ]
}