{
    "version": "https://jsonfeed.org/version/1",
    "title": "eay.cc",
    "description": "Weblog von Stefan Grund",
    "home_page_url": "https://eay.cc",
    "feed_url": "https://eay.cc/2009/meine-damen-und-herren/feed/json",
    "icon": "https://eay.cc/apple-touch-icon.png",
    "favicon": "https://eay.cc/favicon.ico",
    "author": {
        "name": "Stefan Grund",
        "url": "https://stefangrund.de/",
        "avatar": "https://stefangrund.de/avatar.jpg"
    },
    "items": [
        {
            "id": "5671",
            "_type": "standard",
            "url": "https://eay.cc/2009/meine-damen-und-herren/",
            "title": "Meine Damen und Herren,",
            "content_html": "\n<p>der Tag ist gekommen: <del>Ich habe mein Buch ver\u00f6ffentlicht.</del> <del>Ich bin Vater geworden.</del> <del>Podcast #2 ist da.</del> Ich stehe in einem Booklet. Und zwar im Booklet des \u00fcberaus gelungenen Albums &#8222;Goldener Trash&#8220; von <a href=\"//eay.cc/tag/angelika-express/\">Angelika Express</a>, bei dem ich <a href=\"//eay.cc/2008/who-the-fuck-is-rick-rubin/\">als F\u00f6rderer</a> <em>mitgewirkt</em> habe.</p>\n<p><img decoding=\"async\" src=\"/uploads/2009/goldenertrash.jpg\" alt=\"\" class=\"photog\" /><br />\nDamit auch ihr an meinem Ruhm teilhaben k\u00f6nnt &#8211; oder zumindest damit ihr euren iPod mit toller Musik best\u00fccken k\u00f6nnt -, solltet ihr augenblicklich <a href=\"http://www.amazon.de/exec/obidos/ASIN/B001N2W8NG/eayznet-21\">r\u00fcber zu Amazon</a> schippern und euch dort einmal <a href=\"http://www.amazon.de/exec/obidos/ASIN/B001N2W8NG/eayznet-21\">goldenen Trash</a> bestellen. (Und wer den Kaufbeleg <a href=\"http://angelika-express.de/2009/02/10/kauf-unser-album-krieg-die-amerikaner-ep-fuer-lau/\">gen Tante Angelika schickt</a>, bekommt noch die &#8222;Amerikaner&#8220;-EP obendrauf! Das nenn ich nen Deal!)</p>\n<p>PS: Wie gef\u00e4llt euch mein neuer Fu\u00dfboden? Der hat hiermit n\u00e4mlich die sagenumwobene <a href=\"//eay.cc/tag/lila-decke/\">lila Decke</a> abgel\u00f6st. <span style=\"font-size: 10px; font-family: arial;\">Also als Fotohintergrund, nicht als Boden. <del>Den stellt sie weiterhin.</del></span></p>\n<img decoding=\"async\" src=\"https://eay.cc/wordpress/count.php?url=https%3A%2F%2Feay.cc%2F2009%2Fmeine-damen-und-herren%2F\" style=\"border:0;\" width=\"1\" height=\"1\" alt=\"\" />",
            "date_published": "2009-02-13T23:11:06+00:00",
            "date_modified": "2009-02-14T01:22:49+00:00",
            "author": {
                "name": "Stefan"
            },
            "tags": [
                "aktien",
                "album",
                "angelika express",
                "musik"
            ],
            "_short_url": "https://eay.li/c5"
        }
    ]
}