{
    "version": "https://jsonfeed.org/version/1",
    "title": "eay.cc",
    "description": "Weblog von Stefan Grund",
    "home_page_url": "https://eay.cc",
    "feed_url": "https://eay.cc/2009/danke-david/feed/json",
    "icon": "https://eay.cc/apple-touch-icon.png",
    "favicon": "https://eay.cc/favicon.ico",
    "author": {
        "name": "Stefan Grund",
        "url": "https://stefangrund.de/",
        "avatar": "https://stefangrund.de/avatar.jpg"
    },
    "items": [
        {
            "id": "9967",
            "_type": "standard",
            "url": "https://eay.cc/2009/danke-david/",
            "title": "Danke, David.",
            "content_html": "\n<iframe width=\"520\" height=\"293\" src=\"https://www.youtube-nocookie.com/embed/NxAd2sHtMf0\" frameborder=\"0\" allowfullscreen></iframe><br/>(<a href=\"https://www.youtube.com/watch?v=NxAd2sHtMf0\">YouTube Direktlink</a>)\n<p><strong>Update, 12.11.:</strong> Passend dazu, gerade <a href=\"http://popmoderne.wordpress.com/2009/11/10/a-very-drunk-david-hasselhoff-explains-to-the-people-at-the-european-mtv-awards-2009-how-he-brought-down-the-wall/\">bei Popmoderne</a> gefunden: The Hoff, der w\u00e4hrend der MTV EMAs 2009 erkl\u00e4rt, dass er f\u00fcr den Fall der Mauer verantwortlich ist (leider ohne Bewegtbild). &#8222;Alles klar?!&#8220;</p>\n<img decoding=\"async\" src=\"https://eay.cc/wordpress/count.php?url=https%3A%2F%2Feay.cc%2F2009%2Fdanke-david%2F\" style=\"border:0;\" width=\"1\" height=\"1\" alt=\"\" />",
            "date_published": "2009-11-09T11:37:07+00:00",
            "date_modified": "2024-08-17T23:21:52+00:00",
            "author": {
                "name": "Stefan"
            },
            "tags": [
                "berlin",
                "david hasselhoff",
                "deutschland",
                "geschichte",
                "mauerfall",
                "musik"
            ],
            "_short_url": "https://eay.li/2h"
        }
    ]
}