{
    "version": "https://jsonfeed.org/version/1",
    "title": "eay.cc",
    "description": "Weblog von Stefan Grund",
    "home_page_url": "https://eay.cc",
    "feed_url": "https://eay.cc/2009/cologne-comic-con-c3/feed/json",
    "icon": "https://eay.cc/apple-touch-icon.png",
    "favicon": "https://eay.cc/favicon.ico",
    "author": {
        "name": "Stefan Grund",
        "url": "https://stefangrund.de/",
        "avatar": "https://stefangrund.de/avatar.jpg"
    },
    "items": [
        {
            "id": "8542",
            "_type": "standard",
            "url": "https://eay.cc/2009/cologne-comic-con-c3/",
            "title": "Cologne Comic Con (C3)",
            "content_html": "\n<p>Nur zur Absicherung und falls mal jemand auf die Idee kommt: ich habe gestern den (Veranstaltungs-)Titel &#8222;Cologne Comic Con&#8220; also known as &#8222;C3&#8220; respektive &#8222;C Three&#8220; <a href=\"http://twitter.com/Eay/status/2798307063\">erfunden</a>. Etwaige Lizenzzahlungen sind also zuk\u00fcnftig und f\u00fcr alle Zeiten an mein <del>Schweizer</del> K\u00f6lner Bankkonto abzurichten.</p>\n<img decoding=\"async\" src=\"https://eay.cc/wordpress/count.php?url=https%3A%2F%2Feay.cc%2F2009%2Fcologne-comic-con-c3%2F\" style=\"border:0;\" width=\"1\" height=\"1\" alt=\"\" />",
            "date_published": "2009-07-23T23:32:13+00:00",
            "date_modified": "2009-07-23T23:34:28+00:00",
            "author": {
                "name": "Stefan"
            },
            "tags": [
                "comics",
                "idee",
                "k\u00f6ln",
                "netzkultur",
                "veranstaltung"
            ],
            "_short_url": "https://eay.li/k8"
        }
    ]
}