{
    "version": "https://jsonfeed.org/version/1",
    "title": "eay.cc",
    "description": "Weblog von Stefan Grund",
    "home_page_url": "https://eay.cc",
    "feed_url": "https://eay.cc/2008/stephen-colbert-vs-oliver-pocher/feed/json",
    "icon": "https://eay.cc/apple-touch-icon.png",
    "favicon": "https://eay.cc/favicon.ico",
    "author": {
        "name": "Stefan Grund",
        "url": "https://stefangrund.de/",
        "avatar": "https://stefangrund.de/avatar.jpg"
    },
    "items": [
        {
            "id": "394",
            "_type": "standard",
            "url": "https://eay.cc/2008/stephen-colbert-vs-oliver-pocher/",
            "title": "Stephen Colbert vs. Oliver Pocher",
            "content_html": "\n<p><img decoding=\"async\" src=\"/uploads/2008/colbertpocher.jpg\" alt=\"\" class=\"photog\" /><br />\nWas passiert wenn <a href=\"http://de.wikipedia.org/wiki/Stephen_Colbert\">Stephen Colbert</a> erf\u00e4hrt, dass Olivier Pocher gerne der deutsche Stephen Colbert w\u00e4re, k\u00f6nnt ihr euch im folgenden Video (nach dem Klick!) ansehen. Okay, er hat zwar nicht gerade Pochers beste Performance rausgesucht, aber das ist schon gut so &#8211; und der obligatorische Hitler-Witz fehlt nat\u00fcrlich auch nicht. (<a href=\"http://wortvogel.de/?p=993\">via</a>) <span id=\"more-394\"></span></p>\n<p><embed FlashVars=\"videoId=156625\" src='http://www.comedycentral.com/sitewide/video_player/view/default/swf.jhtml' quality='high' bgcolor='#cccccc' width='332' height='316' name='comedy_central_player' align='middle' allowScriptAccess='always' allownetworking='external' type='application/x-shockwave-flash' pluginspage='http://www.macromedia.com/go/getflashplayer'></embed></p>\n<img decoding=\"async\" src=\"https://eay.cc/wordpress/count.php?url=https%3A%2F%2Feay.cc%2F2008%2Fstephen-colbert-vs-oliver-pocher%2F\" style=\"border:0;\" width=\"1\" height=\"1\" alt=\"\" />",
            "date_published": "2008-02-15T14:25:56+00:00",
            "date_modified": "2008-02-15T16:38:32+00:00",
            "author": {
                "name": "Stefan"
            },
            "tags": [
                "fernsehen",
                "oliver pocher"
            ],
            "_short_url": "https://eay.li/1l"
        }
    ]
}