{
    "version": "https://jsonfeed.org/version/1",
    "title": "eay.cc",
    "description": "Weblog von Stefan Grund",
    "home_page_url": "https://eay.cc",
    "feed_url": "https://eay.cc/2008/select/feed/json",
    "icon": "https://eay.cc/apple-touch-icon.png",
    "favicon": "https://eay.cc/favicon.ico",
    "author": {
        "name": "Stefan Grund",
        "url": "https://stefangrund.de/",
        "avatar": "https://stefangrund.de/avatar.jpg"
    },
    "items": [
        {
            "id": "996",
            "_type": "standard",
            "url": "https://eay.cc/2008/select/",
            "title": "Select.",
            "content_html": "<p>Ich bin wieder im Lande und da stellt sich nat\u00fcrlich die Frage, ob ich heute die Blogarbeit wiederaufnehme oder ob ich einen trinken gehe? Wer err\u00e4t, wof\u00fcr ich mich entschieden habe, darf sich bei mir ein K\u00f6lsch (nur solange der Vorrat reicht) abholen kommen.</p>\n<img decoding=\"async\" src=\"https://eay.cc/wordpress/count.php?url=https%3A%2F%2Feay.cc%2F2008%2Fselect%2F\" style=\"border:0;\" width=\"1\" height=\"1\" alt=\"\" />",
            "date_published": "2008-08-09T18:48:59+00:00",
            "date_modified": "2008-08-09T18:48:59+00:00",
            "author": {
                "name": "Stefan"
            },
            "tags": [
                "analogleben",
                "urlaub"
            ],
            "_short_url": "https://eay.li/bd"
        }
    ]
}