{
    "version": "https://jsonfeed.org/version/1",
    "title": "eay.cc",
    "description": "Weblog von Stefan Grund",
    "home_page_url": "https://eay.cc",
    "feed_url": "https://eay.cc/2008/dat-is-ne-jode-lade-he/feed/json",
    "icon": "https://eay.cc/apple-touch-icon.png",
    "favicon": "https://eay.cc/favicon.ico",
    "author": {
        "name": "Stefan Grund",
        "url": "https://stefangrund.de/",
        "avatar": "https://stefangrund.de/avatar.jpg"
    },
    "items": [
        {
            "id": "374",
            "_type": "standard",
            "url": "https://eay.cc/2008/dat-is-ne-jode-lade-he/",
            "title": "Dat is ne jode Lade he",
            "content_html": "\n<p>W\u00e4hrend der n\u00e4chsten Tage k\u00f6nnte es hier aufgrund der <a href=\"http://de.wikipedia.org/wiki/Karneval\">Ausgelassenheit, Fr\u00f6hlichkeit und \u00fcbersch\u00e4umenden Lebensfreude</a> zu inhaltlichen Lieferengp\u00e4ssen kommen. Des weiteren k\u00f6nnte die Leseerfahrung bis einschlie\u00dflich Mittwoch eine g\u00e4nzlich andere sein, die f\u00fcr Zuschauer unter 16 Jahren nicht geeignet ist. Ja, Eltern haften f\u00fcr ihre Kinder!</p>\n<p>Und wie in jedem Jahr <del>bitten wir dies zu entschuldigen</del> ist uns schei\u00df egal, was die restlichen, unlustigen BRDler jetzt denken. Wer eine oder keine Ahnung hat, wovon ich rede, sollte sich einen offensichtlich betrunkenen Pr\u00e4sidenten (nein, nicht <a href=\"http://www.herbertsjunks.de/\">unserer</a>) beim <em>alaafen</em> anh\u00f6ren:</p>\n<audio class=\"wp-audio-shortcode\" id=\"audio-374-1\" preload=\"none\" style=\"width: 100%;\" controls=\"controls\"><source type=\"audio/mpeg\" src=\"https://eay.cc/uploads/2008/alaaf.mp3?_=1\" /><a href=\"https://eay.cc/uploads/2008/alaaf.mp3\">https://eay.cc/uploads/2008/alaaf.mp3</a></audio>\n<p>Nicht, dass ich das sp\u00e4testens heute Abend besser k\u00f6nnte, aber egal, denn jetzt geht&#8217;s schlie\u00dflich noch, aber keine Angst, wir arbeiten dran. In diesem Sinne: <a href=\"http://de.wikipedia.org/wiki/Narrenruf#Rheinland\">K\u00f6lle Alaaf!</a></p>\n<img decoding=\"async\" src=\"https://eay.cc/wordpress/count.php?url=https%3A%2F%2Feay.cc%2F2008%2Fdat-is-ne-jode-lade-he%2F\" style=\"border:0;\" width=\"1\" height=\"1\" alt=\"\" />",
            "date_published": "2008-01-31T09:11:14+00:00",
            "date_modified": "2013-08-03T20:48:53+00:00",
            "author": {
                "name": "Stefan"
            },
            "attachments": [
                {
                    "url": "//eay.cc/uploads/2008/alaaf.mp3",
                    "mime_type": "audio/mpeg",
                    "size_in_bytes": 223190
                }
            ],
            "tags": [
                "analogleben",
                "karneval",
                "k\u00f6ln"
            ],
            "_short_url": "https://eay.li/dx"
        }
    ]
}