{
    "version": "https://jsonfeed.org/version/1",
    "title": "eay.cc",
    "description": "Weblog von Stefan Grund",
    "home_page_url": "https://eay.cc",
    "feed_url": "https://eay.cc/2007/wir-nennen-es-buch/feed/json",
    "icon": "https://eay.cc/apple-touch-icon.png",
    "favicon": "https://eay.cc/favicon.ico",
    "author": {
        "name": "Stefan Grund",
        "url": "https://stefangrund.de/",
        "avatar": "https://stefangrund.de/avatar.jpg"
    },
    "items": [
        {
            "id": "32",
            "_type": "standard",
            "url": "https://eay.cc/2007/wir-nennen-es-buch/",
            "title": "Wir nennen es Buch",
            "content_html": "\n<p><img decoding=\"async\" src=\"/uploads/2007/wnea.jpg\" alt=\"\" style=\"float: right;\" />Gestern beim Arzt mit <a href=\"http://www.amazon.de/exec/obidos/ASIN/3453120922/eayznet-21\">Wir nennen es Arbeit</a> von Holm Friebe und Sascha Lobo fertig geworden. Es geht um die alternative Lebens- gestaltung der s.g. digitalen Boh\u00e9me und das Leben jenseits der Festanstellung. So weit, so gut. Und jeder der etwas blogaffin ist, wei\u00df eh worum&#8217;s geht (und wenn nicht, einfach <a href=\"http://www.elektrischer-reporter.de/index.php/site/film/10/\">diese Episode</a> beim elektrischen Reporter ansehen) und das ist genau der springende Punkt: Fast alles habe ich schon irgendwo gelesen. Nat\u00fcrlich nicht in Buch- sondern in Blogform und selbstverst\u00e4ndlich ohne die netten Begrifflichkeiten und historischen Hintergr\u00fcnde &#8211; aber irgendwie traf, zumindest meine Person, beim Lesen viele alte Bekannte wieder.</p>\n<p>Nichtsdestotrotz brauchbar, da die angesprochenen Themen so vertieft werden, wie&#8217;s online nicht (auf einen Schlag) passiert. &#8222;Wir nennen es Arbeit&#8220; wird jetzt jedenfalls an die Eltern durchgereicht (sorry, Jungs, mein <em>Brotjob</em> erlaubt&#8217;s mir derzeit nicht denen ne Kopie zu kaufen \ud83d\ude09 ), damit&#8217;s durchschaubarer f\u00fcr die beiden wird und sie vielleicht eine Ahnung bekommen, was ich hier den ganzen Tag so tuen k\u00f6nnte. Last but not least der obligatorische Link <a href=\"http://wirnennenesarbeit.de/\">zum Blog zum Buch</a>.</p>\n<img decoding=\"async\" src=\"https://eay.cc/wordpress/count.php?url=https%3A%2F%2Feay.cc%2F2007%2Fwir-nennen-es-buch%2F\" style=\"border:0;\" width=\"1\" height=\"1\" alt=\"\" />",
            "date_published": "2007-03-14T16:17:21+00:00",
            "date_modified": "2009-01-15T23:38:12+00:00",
            "author": {
                "name": "Stefan"
            },
            "tags": [
                "arbeit",
                "blogging",
                "b\u00fccher",
                "eayzlies",
                "konsum",
                "netzkultur",
                "sascha lobo"
            ],
            "_short_url": "https://eay.li/4s"
        }
    ]
}