{
    "version": "https://jsonfeed.org/version/1",
    "title": "eay.cc",
    "description": "Weblog von Stefan Grund",
    "home_page_url": "https://eay.cc",
    "feed_url": "https://eay.cc/2007/mir-san-a-bayrische-band/feed/json",
    "icon": "https://eay.cc/apple-touch-icon.png",
    "favicon": "https://eay.cc/favicon.ico",
    "author": {
        "name": "Stefan Grund",
        "url": "https://stefangrund.de/",
        "avatar": "https://stefangrund.de/avatar.jpg"
    },
    "items": [
        {
            "id": "71",
            "_type": "standard",
            "url": "https://eay.cc/2007/mir-san-a-bayrische-band/",
            "title": "Mir san a bayrische Band",
            "content_html": "\n<p>Ich war <a href=\"//eay.cc/2007/auswaertsspiel/\">ja</a> \u00fcbers Wochenende in M\u00fcnchen und &#8222;wenn man mal f\u00fcr knapp zwei Tage M\u00fcnchen erkunden kann&#8220;, dachte sich mein K\u00f6per, &#8222;dann kann man doch auch krank werden. Mit Fieber und so. Das wird ihn upfucken, den Eay.&#8220; So ist er also zu mir, mein K\u00f6rper. Nun ja, ich lag tats\u00e4chlich am Samstag flach im Hotelzimmer und konnte <a href=\"http://www.flickr.com/photos/eay/467181575/\">es selbst kaum glauben</a>. Dennoch: Am Freitag war ich fit und konnte mir die Allianz Arena ansehen&#8230;</p>\n<p>Und ja, ich muss es zugeben, die Bayern haben sich dort mitten ins Nirgendwo ein sch\u00f6nes Stadion gesetzt. Fu\u00dfball gucken par excellence. Am Freitag spielten jedoch der 1. FC K\u00f6ln und 1860 M\u00fcnchen: beide Mannschaften schwach und Torchancen waren nie Eigenwerk. Schlie\u00dflich gewannen die L\u00f6wen, was ein paar Dutzend K\u00f6lner Fans jedoch nicht den Tag vertr\u00fcbte, so dass sie den Weg vom Stadion zur Bahn mit &#8222;Nie mehr 2. Liga!&#8220;- und &#8222;<a href=\"http://eay.cc/blog/2006/05/karnevalsverein.shtml\">Wir sind nur ein Karnevalsverein!</a>&#8222;-Ges\u00e4ngen untermalten, was die L\u00f6wen-Fans offensichtlich nicht verstehen konnten: neben mir h\u00f6rte ich einen 60er-Fan auf tiefstem Bayrisch einen anderen fragen, warum die FC-Anh\u00e4nger immer noch singen, worauf dieser auf ebenso tiefstem Bayrisch mit &#8222;Du weisst schon: Jeder Jeck is anders&#8220; antwortete. Sch\u00f6n.</p>\n<img decoding=\"async\" src=\"https://eay.cc/wordpress/count.php?url=https%3A%2F%2Feay.cc%2F2007%2Fmir-san-a-bayrische-band%2F\" style=\"border:0;\" width=\"1\" height=\"1\" alt=\"\" />",
            "date_published": "2007-04-22T16:01:46+00:00",
            "date_modified": "2019-02-09T17:21:21+00:00",
            "author": {
                "name": "Stefan"
            },
            "tags": [
                "analogleben",
                "bayern",
                "effzeh",
                "fu\u00dfball",
                "krankheit",
                "m\u00fcnchen",
                "sport"
            ],
            "_short_url": "https://eay.li/ef"
        }
    ]
}