{
    "version": "https://jsonfeed.org/version/1",
    "title": "eay.cc",
    "description": "Weblog von Stefan Grund",
    "home_page_url": "https://eay.cc",
    "feed_url": "https://eay.cc/2007/farbdiktat/feed/json",
    "icon": "https://eay.cc/apple-touch-icon.png",
    "favicon": "https://eay.cc/favicon.ico",
    "author": {
        "name": "Stefan Grund",
        "url": "https://stefangrund.de/",
        "avatar": "https://stefangrund.de/avatar.jpg"
    },
    "items": [
        {
            "id": "291",
            "_type": "standard",
            "url": "https://eay.cc/2007/farbdiktat/",
            "title": "Farbdiktat",
            "content_html": "<p>Hoppla, da hat euch wohl jemand die Farbe geklaut! No more <a href=\"//eay.cc/2007/bekennt-farbe/\">Farbe bekennen</a>, jetzt ist <a href=\"//eay.cc/2007/der-salateintrag/\">Gr\u00fcn</a> angesagt. Aber ich bin ja kein Uneay: wenn ihr brav seid, flei\u00dfig kommentiert und ich vollends davon \u00fcberzeugt bin, dass ihr es wirklich wollt, dann bekommt ihr eure Farbwahl schon in ein paar Tagen wieder &#8211; so bin ich zu euch!</p>\n<p>PS: Ich hoffe, dieses Gr\u00fcn ist <a href=\"//eay.cc/2007/free-magenta/\">Farbmarken-rechtlich</a> nicht von irgendwem gesch\u00fctzt. <del>Wenn doch und es \u00c4rger gibt, gibt&#8217;s die Farbauswahl nur noch gegen Bares.</del></p>\n<img decoding=\"async\" src=\"https://eay.cc/wordpress/count.php?url=https%3A%2F%2Feay.cc%2F2007%2Ffarbdiktat%2F\" style=\"border:0;\" width=\"1\" height=\"1\" alt=\"\" />",
            "date_published": "2007-11-12T22:56:21+00:00",
            "date_modified": "2007-11-12T23:00:08+00:00",
            "author": {
                "name": "Stefan"
            },
            "tags": [
                "eayz",
                "farben"
            ],
            "_short_url": "https://eay.li/qx"
        }
    ]
}